{"id":57845,"date":"2024-02-28T12:00:12","date_gmt":"2024-02-28T11:00:12","guid":{"rendered":"https:\/\/charte-fontevrault-providentialisme.fr\/?p=57845"},"modified":"2024-02-28T11:59:34","modified_gmt":"2024-02-28T10:59:34","slug":"herve-volto-perspectives-royalistes-pour-le-xxi-siecle-republique-ou-monarchie","status":"publish","type":"post","link":"https:\/\/charte-fontevrault-providentialisme.fr\/index.php\/2024\/02\/28\/herve-volto-perspectives-royalistes-pour-le-xxi-siecle-republique-ou-monarchie\/","title":{"rendered":"Herv\u00e9 Volto. PERSPECTIVES ROYALISTES POUR LE XXI\u00b0 SIECLE : REPUBLIQUE OU MONARCHIE ?"},"content":{"rendered":"<p><span style=\"font-size: 12pt; color: #800080;\">\u00a0 <em>\u00a0 \u00a0 \u00a0 \u00a0Votre serviteur a voulu \u00e9crire pour nos amis transalpins. Les Royalistes d\u2019un certain \u00e2ge se trouveront confirm\u00e9 dans leur Foi et leur Tradition, les plus jeunes apprendront peut-\u00eatre quelque chose<\/em> <\/span><\/p>\n<p><span style=\"font-size: 12pt;\"><span style=\"color: #008000;\">\u00a0 \u00a0 \u00a0 \u00a0A l&#8217;heure o\u00f9 notre Etat est brad\u00e9, nos \u00e9glises sont vid\u00e9es, nos villes souill\u00e9es, nos femmes en danger, notre jeunesse g\u00e2ch\u00e9e, abandonn\u00e9e, livr\u00e9e, il ne serait surprenant de voir de plus en plus de Fran\u00e7ais venir r\u00e9clamer qu&#8217;une haute et Sainte L\u00e9gitimit\u00e9 ne vienne couronner l&#8217;autorit\u00e9 de l&#8217;Etat Fran\u00e7ais !<\/span><\/span><\/p>\n<hr \/>\n<div id=\"attachment_57895\" style=\"width: 549px\" class=\"wp-caption aligncenter\"><img loading=\"lazy\" decoding=\"async\" aria-describedby=\"caption-attachment-57895\" class=\"wp-image-57895\" src=\"https:\/\/charte-fontevrault-providentialisme.fr\/wp-content\/uploads\/2024\/02\/Unknown-2-1.jpeg\" alt=\"\" width=\"539\" height=\"305\" \/><p id=\"caption-attachment-57895\" class=\"wp-caption-text\"><span style=\"font-size: 12pt; color: #3366ff;\">https:\/\/www.ladepeche.fr\/article\/2019\/01\/03\/2934504-2018-annee-record-pour-les-orages-avec-725-000-eclairs.html<\/span><\/p><\/div>\n<p><span style=\"font-size: 12pt; color: #008000;\">\u00a0 \u00a0 \u00a0Soutien des luttes Contrer\u00e9volutionnaires men\u00e9es depuis 1789, les Royalistes forment une mouvance dont le principe commun est la fid\u00e9lit\u00e9 aux souverains de la dynastie Cap\u00e9tienne, la d\u00e9fense du caract\u00e8re sacr\u00e9 de la Royaut\u00e9 &#8211;<em>le Roi Tr\u00e8s Chr\u00e9tien de France est le Lieutenant du Christ<\/em>&#8211; et le d\u00e9sir de conserver la Catholicit\u00e9 des lois et les institutions propres de la Monarchie traditionnelle h\u00e9r\u00e9ditaire, Salique, Tr\u00e8s Chr\u00e8teinne.<\/span><span style=\"font-size: 12pt; color: #008000;\">\u00a0 \u00a0 Mais\u00a0 la chute du communisme, et plus g\u00e9n\u00e9ralement de l&#8217;\u00e9chec des id\u00e9ologies du gauche, ont lib\u00e9r\u00e9 un espace id\u00e9ologique permettant \u00e0 des intellectuels de reposer en France, chez nous, la question des insitutions : REPUBLIQUE OU MONARCHIE ?<\/span><\/p>\n<p><span style=\"color: #008000;\"><strong><span style=\"font-size: 12pt;\">\u00a0 \u00a0 Un \u00e9tat des lieux du Royalisme en France a \u00e9t\u00e9 fait<\/span><\/strong><\/span><\/p>\n<p><span style=\"font-size: 12pt;\"><a href=\"https:\/\/charte-fontevrault-providentialisme.fr\/index.php\/2023\/11\/03\/herve-volto-etat-des-lieux-du-royalisme-en-france\/\">https:\/\/charte-fontevrault-providentialisme.fr\/index.php\/2023\/11\/03\/herve-volto-etat-des-lieux-du-royalisme-en-france\/<\/a><\/span><\/p>\n<p><span style=\"font-size: 12pt;\">\u00a0 <span style=\"color: #008000;\">\u00a0et le Royalisme Fran\u00e7ais est principalement -mais pas uniquement- le fait de l\u2019appartenance aux milieux traditionnels et conservateurs, et pour ses partisans, il consiste avant tout en une ambition pour la France : la volont\u00e9 de redonner au pays la position h\u00e9g\u00e9monique de Fille A\u00een\u00e9e de l\u2019Eglise et et Educatrice des Peuples qu\u2019elle a eue jusqu\u2019au d\u00e9but du si\u00e8cle pass\u00e9, de retrouver un Monarque apte \u00e0 enclencher de grands projets, celle aussi de sortir du jeu des partis et de la politique \u00e0 court terme qui caract\u00e9rise, pour les Royalistes, l\u2019exercice du pouvoir des hommes politiques de la r\u00e9publique. Le Royalisme se pose pour certains comme une opposition au nouvel ordre mondial par le renforcement de l\u2019\u00c9tat face aux institutions supranationales qui empi\u00e8tent sur les libert\u00e9s fondamentales des peuples. Ainsi la monarchie est \u00e0 leurs yeux plus \u201c<em>d\u00e9mocratique<\/em>\u201d que la r\u00e9publique dans le sens o\u00f9 elle d\u00e9fend l\u2019ind\u00e9pendance et l\u2019autod\u00e9termination des peuples.<\/span><\/span><\/p>\n<div id=\"attachment_57873\" style=\"width: 563px\" class=\"wp-caption aligncenter\"><img loading=\"lazy\" decoding=\"async\" aria-describedby=\"caption-attachment-57873\" class=\"wp-image-57873 \" src=\"https:\/\/charte-fontevrault-providentialisme.fr\/wp-content\/uploads\/2024\/02\/Dartagnan-musketeers_-_Maurice_Leloir-852x1024.jpg\" alt=\"\" width=\"553\" height=\"664\" srcset=\"https:\/\/charte-fontevrault-providentialisme.fr\/wp-content\/uploads\/2024\/02\/Dartagnan-musketeers_-_Maurice_Leloir-852x1024.jpg 852w, https:\/\/charte-fontevrault-providentialisme.fr\/wp-content\/uploads\/2024\/02\/Dartagnan-musketeers_-_Maurice_Leloir-250x300.jpg 250w, https:\/\/charte-fontevrault-providentialisme.fr\/wp-content\/uploads\/2024\/02\/Dartagnan-musketeers_-_Maurice_Leloir-768x923.jpg 768w, https:\/\/charte-fontevrault-providentialisme.fr\/wp-content\/uploads\/2024\/02\/Dartagnan-musketeers_-_Maurice_Leloir-624x750.jpg 624w, https:\/\/charte-fontevrault-providentialisme.fr\/wp-content\/uploads\/2024\/02\/Dartagnan-musketeers_-_Maurice_Leloir.jpg 1200w\" sizes=\"auto, (max-width: 553px) 100vw, 553px\" \/><p id=\"caption-attachment-57873\" class=\"wp-caption-text\"><a href=\"https:\/\/fr.wikipedia.org\/wiki\/Les_Trois_Mousquetaires#\/media\/Fichier:Dartagnan-musketeers_-_Maurice_Leloir.jpg\"><span style=\"font-size: 12pt;\">https:\/\/fr.wikipedia.org\/wiki\/Les_Trois_Mousquetaires#\/media\/Fichier:Dartagnan-musketeers_-_Maurice_Leloir.jpg<\/span><\/a><\/p><\/div>\n<p><span style=\"font-size: 12pt; color: #008000;\">\u00a0 \u00a0 \u00a0 Nous, Royalistes, nous nous inscrivons dans la succession des Crois\u00e9s du temps de Saint-Louis, des Compagnons de Sainte-Jeanne d\u2019Arc, des membres de la Ligue Catholique du temps d\u2019Henri IV, des<strong> Mousquetaires du Roi<\/strong>, des Chouans et Vend\u00e9en, des Chevaliers de la Foi sous Napol\u00e9on I\u00b0, des Ultras de la Restauration, des Zouaves Pontificaux du G\u00e9n\u00e9ral de Sonis et des Camelots du Roi.<strong>\u00a0Tous ces Catholiques poss\u00e8dent encore comme symbole le double-COEUR DE L&#8217;AMOUR surmont\u00e9 de la CROIX DU SACRIFICE, espoir et salut de la France<\/strong>.<\/span><\/p>\n<p><span style=\"font-size: 12pt; color: #008000;\"><strong>\u00a0 \u00a0 \u00a0 \u00a0Le Royalisme EN FRANCE<\/strong>, c&#8217;est avant tout\u00a0<strong>une attitude culturelle Catholique<\/strong>, celle de la Tradition. En politique, il participe du\u00a0<strong>principe d&#8217;expension-\u00e9vang\u00e9lisation<\/strong>\u00a0dont L\u00e9on XIII et Charles de Foucault reprendront l&#8217;id\u00e9e :\u00a0<em>tout le contraire de l&#8217;actuel euro-mondialime islamisant<\/em>\u00a0! C&#8217;est aussi\u00a0<strong>un nationalisme Fran\u00e7ais et Chr\u00e9tien<\/strong>\u00a0: mourir pour la Patrie, c&#8217;est mourir pour le Salut de la soci\u00e9t\u00e9 Fran\u00e7aise destabilis\u00e9e par les id\u00e9es r\u00e9volutionaire. C&#8217;est, enfin,\u00a0<strong>face \u00e0 la masse, l&#8217;affirmation de la personne<\/strong>&#8230; voulue\u00a0<strong>Chr\u00e9tienne<\/strong>.<\/span><\/p>\n<div id=\"attachment_57880\" style=\"width: 686px\" class=\"wp-caption alignright\"><img loading=\"lazy\" decoding=\"async\" aria-describedby=\"caption-attachment-57880\" class=\"wp-image-57880 size-full\" src=\"https:\/\/charte-fontevrault-providentialisme.fr\/wp-content\/uploads\/2024\/02\/Capture-decran-2024-02-28-a-10.00.24.png\" alt=\"\" width=\"676\" height=\"256\" srcset=\"https:\/\/charte-fontevrault-providentialisme.fr\/wp-content\/uploads\/2024\/02\/Capture-decran-2024-02-28-a-10.00.24.png 676w, https:\/\/charte-fontevrault-providentialisme.fr\/wp-content\/uploads\/2024\/02\/Capture-decran-2024-02-28-a-10.00.24-300x114.png 300w, https:\/\/charte-fontevrault-providentialisme.fr\/wp-content\/uploads\/2024\/02\/Capture-decran-2024-02-28-a-10.00.24-624x236.png 624w\" sizes=\"auto, (max-width: 676px) 100vw, 676px\" \/><p id=\"caption-attachment-57880\" class=\"wp-caption-text\"><a href=\"https:\/\/www.sylmpedia.fr\/index.php\/Royalisme_r\u00e9gentist\"><span style=\"font-size: 12pt;\">\u00a0 \u00a0 \u00a0 \u00a0 \u00a0 \u00a0 \u00a0 \u00a0 \u00a0 \u00a0 \u00a0 \u00a0 https:\/\/www.sylmpedia.fr\/index.php\/Royalisme_r\u00e9gentist<\/span><\/a>e<\/p><\/div>\n<p><span style=\"font-size: 12pt;\"><span style=\"color: #008000;\">\u00a0 \u00a0 \u00a0 \u00a0 \u00a0 \u00a0 \u00a0 Un constat des atouts id\u00e9ologiques mais aussi des handicapes pratiques du Royalisme contemporain : si l&#8217;on arrive \u00e0 d\u00e9passer les pr\u00e9jug\u00e9s r\u00e9publicains -privil\u00e8ge, n\u00e9postisme, in\u00e9galit\u00e9, droit Divin, religion d&#8217;Etat, absolutisme, imp\u00f4ts, d\u00e9penses de la Cour- si on arrive \u00e0 se p\u00e9n\u00e9trer de la pens\u00e9e de Saint-Thomas d&#8217;Aquin, Bossuet, Bonald, Ma\u00eestre, si l&#8217;on arrive \u00e0 d\u00e9passer les querelles dynastiques gr\u00e2ce au R\u00e9gentisme<\/span> <a href=\"https:\/\/www.sylmpedia.fr\/index.php\/Royalisme_r%C3%A9gentiste\">https:\/\/www.sylmpedia.fr\/index.php\/Royalisme_r%C3%A9gentiste<\/a>\u00a0, <span style=\"color: #008000;\">et de lancer une solide propagande,\u00a0<em>il n&#8217;en reste pas moins que les Royalistes n&#8217;ont aujourd&#8217;hui aucune strat\u00e9gie de prise du pouvoir<\/em>\u00a0!\u00a0<strong><em>Et tout d&#8217;abord faut-il agir ou non<\/em>\u00a0?\u00a0<em>Sur cette question, \u00e9galement, les Royalistes sont divis\u00e9s<\/em><\/strong>.<\/span><\/span><\/p>\n<p><span style=\"font-size: 12pt;\">\u00a0<span style=\"color: #008000;\"> \u00a0 \u00a0Pour \u00e9valuer cette possibilit\u00e9 d&#8217;action Royaliste n\u00e9cessaire \u00e0 applanir les chemins du Roi, il faut r\u00e9fl\u00e9chir librement, sans passion, sans retenue, non comme des Fran\u00e7ais nostalgiques d&#8217;une grande insitution jet\u00e9e \u00e0 bas il y a deux si\u00e8cles, mais comme des Fran\u00e7ais r\u00e9alistes, conscients de vivre dans un autre temps, avec de nouveaux enjeux. De nouvelles contraintes aussi.<\/span><\/span><\/p>\n<p><span style=\"font-size: 12pt;\">\u00a0<span style=\"color: #800080;\"><strong> \u00a0 \u00a0 NOUS AVONS UNE LISTE DES ARTICLES TRAITANT DE LA MISSIONS DIVINE DE LA FRANCE ET DE SES ROIS<\/strong><\/span><\/span><\/p>\n<p><span style=\"font-size: 12pt;\"><a href=\"https:\/\/charte-fontevrault-providentialisme.fr\/index.php\/2022\/01\/03\/herve-volto-president-de-la-charte-1991-1994-liste-des-articles-traitant-de-la-missions-divine-de-la-france-et-de-ses-rois\/\">https:\/\/charte-fontevrault-providentialisme.fr\/index.php\/2022\/01\/03\/herve-volto-president-de-la-charte-1991-1994-liste-des-articles-traitant-de-la-missions-divine-de-la-france-et-de-ses-rois\/<\/a><\/span><\/p>\n<p><span style=\"font-size: 12pt; color: #800080;\"><strong>\u00a0 \u00a0 \u00a0NOUS AVONS UNE LISTE DES ARTICLES DU BLOG DE LA CHARTE DE FONTEVRAULT SUR LA CONTRE-REVOLUTIO<\/strong>N<\/span><\/p>\n<p><span style=\"font-size: 12pt;\"><a href=\"https:\/\/charte-fontevrault-providentialisme.fr\/index.php\/2022\/12\/22\/herve-volto-listes-des-articles-sur-la-contre-revolution\/\">https:\/\/charte-fontevrault-providentialisme.fr\/index.php\/2022\/12\/22\/herve-volto-listes-des-articles-sur-la-contre-revolution\/<\/a><\/span><\/p>\n<p><span style=\"color: #800080;\"><strong><span style=\"font-size: 12pt;\">ET PUIS :<\/span><\/strong><\/span><\/p>\n<p><span style=\"color: #008000;\"><strong><em><span style=\"font-size: 12pt;\">-Comme un Conseil de R\u00e9gence.<\/span><\/em><\/strong><\/span><\/p>\n<p><span style=\"font-size: 12pt;\"><a href=\"https:\/\/charte-fontevrault-providentialisme.fr\/index.php\/2023\/11\/22\/herve-voto-comme-un-conseil-de-regence\/\">https:\/\/charte-fontevrault-providentialisme.fr\/index.php\/2023\/11\/22\/herve-voto-comme-un-conseil-de-regence\/<\/a><\/span><\/p>\n<p><span style=\"color: #008000;\"><em><strong><span style=\"font-size: 12pt;\">-La France en crise.<\/span><\/strong><\/em><\/span><\/p>\n<p><span style=\"font-size: 12pt;\"><a href=\"https:\/\/charte-fontevrault-providentialisme.fr\/index.php\/2023\/12\/04\/herve-volto-la-france-en-crise\/\">https:\/\/charte-fontevrault-providentialisme.fr\/index.php\/2023\/12\/04\/herve-volto-la-france-en-crise\/<\/a><\/span><\/p>\n<p><span style=\"color: #008000;\"><em><strong><span style=\"font-size: 12pt;\">-Sortie de crise.<\/span><\/strong><\/em><\/span><\/p>\n<p><span style=\"font-size: 12pt;\"><a href=\"https:\/\/charte-fontevrault-providentialisme.fr\/index.php\/2023\/12\/13\/herve-volto-sortir-de-la-crise\/\">https:\/\/charte-fontevrault-providentialisme.fr\/index.php\/2023\/12\/13\/herve-volto-sortir-de-la-crise\/<\/a><\/span><\/p>\n<p><span style=\"color: #008000;\"><em><strong><span style=\"font-size: 12pt;\">-Le co\u00fbt de la Monarchie.<\/span><\/strong><\/em><\/span><\/p>\n<p><span style=\"font-size: 12pt;\"><a href=\"https:\/\/charte-fontevrault-providentialisme.fr\/index.php\/2023\/12\/29\/herve-volto-contes-et-legendes-le-cout-de-la-royaute\/\">https:\/\/charte-fontevrault-providentialisme.fr\/index.php\/2023\/12\/29\/herve-volto-contes-et-legendes-le-cout-de-la-royaute\/<\/a><\/span><\/p>\n<p><span style=\"color: #008000;\"><em><strong><span style=\"font-size: 12pt;\">-Petite histoire du Monarchisme en France.<\/span><\/strong><\/em><\/span><\/p>\n<p><span style=\"font-size: 12pt;\"><a href=\"https:\/\/charte-fontevrault-providentialisme.fr\/index.php\/2024\/01\/09\/herve-volto-cja-petite-histoire-du-monarchisme\/\">https:\/\/charte-fontevrault-providentialisme.fr\/index.php\/2024\/01\/09\/herve-volto-cja-petite-histoire-du-monarchisme\/<\/a><\/span><\/p>\n<p><span style=\"color: #008000;\"><em><strong><span style=\"font-size: 12pt;\">-Histoire du Catholicisme de tradition.<\/span><\/strong><\/em><\/span><\/p>\n<p><span style=\"font-size: 12pt;\"><a href=\"https:\/\/charte-fontevrault-providentialisme.fr\/index.php\/2024\/01\/20\/herve-volto-histoire-des-catholiques-de-tradition\/\">https:\/\/charte-fontevrault-providentialisme.fr\/index.php\/2024\/01\/20\/herve-volto-histoire-des-catholiques-de-tradition\/<\/a><\/span><\/p>\n<p><span style=\"color: #008000;\"><em><strong><span style=\"font-size: 12pt;\">-La L\u00e9gitimit\u00e9 du pouvoir Royal.<\/span><\/strong><\/em><\/span><\/p>\n<p><span style=\"font-size: 12pt;\"><a href=\"https:\/\/charte-fontevrault-providentialisme.fr\/index.php\/2024\/02\/03\/herve-volto-cja-la-legitimite-du-pouvoir-royal\/\">https:\/\/charte-fontevrault-providentialisme.fr\/index.php\/2024\/02\/03\/herve-volto-cja-la-legitimite-du-pouvoir-royal\/<\/a><\/span><\/p>\n<p><span style=\"color: #008000;\"><strong><span style=\"font-size: 12pt;\"><em>-Un grand imp\u00e9ratif : Royaliser la nation et nationaliser le Royalisme.<\/em><\/span><\/strong><\/span><\/p>\n<p><span style=\"font-size: 12pt;\"><a href=\"https:\/\/charte-fontevrault-providentialisme.fr\/index.php\/2024\/02\/15\/herve-volto-reunion-de-cabinet-un-grand-imperatif-royaliser-la-nation-et-nationaliser-le-royalisme\/\">https:\/\/charte-fontevrault-providentialisme.fr\/index.php\/2024\/02\/15\/herve-volto-reunion-de-cabinet-un-grand-imperatif-royaliser-la-nation-et-nationaliser-le-royalisme\/<\/a><\/span><\/p>\n<p><span style=\"font-size: 12pt;\"><strong><em>\u00a0<span style=\"color: #008000;\"> \u00a0Charles Maurras<\/span><\/em><\/strong><span style=\"color: #008000;\"><strong>\u00a0a d\u00e9montr\u00e9 scientifiquement la sup\u00e9riorit\u00e9 de la monarchie sur toute autre forme de gouvernement. En France, il s\u2019est plac\u00e9 au point de vue profane d\u2019une physique du pouvoir. Le\u00a0<em>Marquis<\/em>\u00a0Andr\u00e9 Le Sage\u00a0<em>de La Franquerie<\/em>, quand \u00e0 lui, s\u2019est attach\u00e9 \u00e0 d\u00e9finir la royaut\u00e9 \u00e0 l\u2019aune et selon l\u2019esprit de la Tradition.<\/strong><\/span><\/span><\/p>\n<p><span style=\"font-size: 12pt; color: #008000;\"><strong>\u00a0 \u00a0 \u00a0 \u00a0O\u00f9 Maurras et les n\u00e9o-monarchistes cherchent \u00e0 convaincre, le Marquis de La Franquerie, \u00e0 l\u2019ombre de Joseph de maistre, entend faire voir et convertir. Son Royalisme est mystique.<\/strong><\/span><\/p>\n<div id=\"attachment_57889\" style=\"width: 499px\" class=\"wp-caption aligncenter\"><img loading=\"lazy\" decoding=\"async\" aria-describedby=\"caption-attachment-57889\" class=\"wp-image-57889 \" src=\"https:\/\/charte-fontevrault-providentialisme.fr\/wp-content\/uploads\/2024\/02\/img-2-small700.jpg\" alt=\"\" width=\"489\" height=\"527\" srcset=\"https:\/\/charte-fontevrault-providentialisme.fr\/wp-content\/uploads\/2024\/02\/img-2-small700.jpg 649w, https:\/\/charte-fontevrault-providentialisme.fr\/wp-content\/uploads\/2024\/02\/img-2-small700-278x300.jpg 278w, https:\/\/charte-fontevrault-providentialisme.fr\/wp-content\/uploads\/2024\/02\/img-2-small700-624x673.jpg 624w\" sizes=\"auto, (max-width: 489px) 100vw, 489px\" \/><p id=\"caption-attachment-57889\" class=\"wp-caption-text\"><a href=\"https:\/\/sacrecoeur-paray.org\"><span style=\"font-size: 12pt;\">https:\/\/sacrecoeur-paray.org<\/span><\/a><\/p><\/div>\n<p><span style=\"font-size: 12pt;\"><strong>\u00a0 \u00a0Le premier r\u00e9clame \u00e0 l\u2019exp\u00e9rience historique, le second interroge l\u2019anthropologie religieuse et l\u2019exemplarit\u00e9 du Sacr\u00e9-Coeur de J\u00e9sus, le Christ-Roi.<\/strong><\/span><\/p>\n<p><span style=\"font-size: 12pt;\"><strong>\u00a0 \u00a0<span style=\"color: #008000;\"> L\u00e0, la raison des faits, ici la permanence en l\u2019arch\u00e9type Royal, partout, depuis toujours et d\u2019en haut.<\/span><\/strong><\/span><\/p>\n<p><span style=\"font-size: 12pt; color: #008000;\"><strong>\u00a0 \u00a0 \u00a0 Le XVIII\u00b0 si\u00e8cle et l\u2019offensive nominaliste ont consomm\u00e9 le divorce entre foi et raison. Mais au service d\u2019une m\u00eame cause -ici la royaut\u00e9- et selon que le moment soit de foi ou de raison, il revient au Royaliste de porter en avant la foi ou la raison ET de parler le langage COMMUN d\u2018une France voulue Chr\u00e9tienne <em>d\u00e8s les origines<\/em><\/strong>.<\/span><\/p>\n<p><span style=\"font-size: 12pt; color: #008000;\">\u00a0 \u00a0 \u00a0La d\u00e9monstration est de Charles Maurras, et elle date de 1900. Les \u00ab <em>quatre \u00c9tats conf\u00e9d\u00e9r\u00e9s<\/em> \u00bb <a href=\"https:\/\/maurras.net\/2010\/10\/25\/maurras-les-quatre-etats-confederes\/\">https:\/\/maurras.net\/2010\/10\/25\/maurras-les-quatre-etats-confederes\/<\/a> qui se partagent le pouvoir et ses revenants-bons, immuable ploutocratie qui s\u2019enrichit de tous les abaissements et de tous les malheurs de nos peuples chr\u00e9tiens, sont les\u00a0<em>minorit\u00e9s organis\u00e9es<\/em>\u00a0:\u00a0<strong>sioniste, ma\u00e7onnique, protestante et islamique<\/strong>. Ces minorit\u00e9s peuvent vivre en bonne entente dans une nation Catholique, forte, bien organis\u00e9e. Mais en d\u00e9mocratie, se retrouvant \u00e9mancip\u00e9es de toute notion d&#8217;ordre social Chr\u00e9tien, comment ne seraient-elles pas tent\u00e9es, avec l\u2019argent qui ach\u00e8te tout, de s\u2019approprier un pouvoir qui est \u00e0 vendre\u00a0?<\/span><\/p>\n<p><span style=\"font-size: 12pt;\"><strong><span style=\"color: #008000;\">\u00a0 \u00a0 \u00a0Royalistes PARCE QUE Catholiques et Fran\u00e7ais ! C&#8217;est donc en Catholique que nous devons penser et agi<\/span>r<\/strong>.<\/span><\/p>\n<p><span style=\"font-size: 12pt; color: #008000;\">\u00a0 \u00a0 &#8211;<em>Il faut prier et agir, agir et prier, toujours \u00e0 la lumi\u00e8re de la plus extra-ordinaire jeunne fille que l&#8217;on ai vu sous le Soleil<\/em>\u00a0:\u00a0<strong><em>Sainte Jeanne d&#8217;Arc<\/em><\/strong>\u00a0(Fran\u00e7ois-Marie Algould) !<\/span><\/p>\n<p><span style=\"font-size: 12pt; color: #008000;\">\u00a0 \u00a0 Toujours sous le signe du double-<strong>Coeur de l&#8217;Amour<\/strong>\u00a0surmont\u00e9 de la\u00a0<strong>Croix du Sacrifice<\/strong>, espoir et salut de la France.<\/span><\/p>\n<div id=\"attachment_57876\" style=\"width: 331px\" class=\"wp-caption alignright\"><img loading=\"lazy\" decoding=\"async\" aria-describedby=\"caption-attachment-57876\" class=\"wp-image-57876 \" src=\"https:\/\/charte-fontevrault-providentialisme.fr\/wp-content\/uploads\/2024\/02\/Jean-Pierre_Laurens-Peguy.jpg\" alt=\"\" width=\"321\" height=\"430\" srcset=\"https:\/\/charte-fontevrault-providentialisme.fr\/wp-content\/uploads\/2024\/02\/Jean-Pierre_Laurens-Peguy.jpg 448w, https:\/\/charte-fontevrault-providentialisme.fr\/wp-content\/uploads\/2024\/02\/Jean-Pierre_Laurens-Peguy-224x300.jpg 224w\" sizes=\"auto, (max-width: 321px) 100vw, 321px\" \/><p id=\"caption-attachment-57876\" class=\"wp-caption-text\"><a href=\"https:\/\/fr.wikipedia.org\/wiki\/Charles_P\u00e9guy\"><span style=\"font-size: 12pt;\">\u00a0 https:\/\/fr.wikipedia.org\/wiki\/Charles_P\u00e9guy<\/span><\/a><\/p><\/div>\n<p><span style=\"font-size: 12pt; color: #008000;\">\u00a0 \u00a0 \u00a0Royalistes, Providentialistes, Fontevristes, ne faiblissons pas ! Ne perdons pas de temps \u00e0 nous lamenter. Ne tombons pas dans le d\u00e9faitisme. Rappelons-nous le mot de <strong>Charles P\u00e9guy (1873-1914)<\/strong> <a href=\"https:\/\/fr.wikipedia.org\/wiki\/Charles_P\u00e9guy\">https:\/\/fr.wikipedia.org\/wiki\/Charles_P\u00e9guy<\/a>:<\/span><\/p>\n<p><span style=\"font-size: 12pt; color: #008000;\"><em>-Demander la victoire et ne pas avoir envie de se battre, c\u2019est mal \u00e9lev\u00e9.<\/em><\/span><\/p>\n<p><span style=\"font-size: 12pt; color: #008000;\">\u00a0 \u00a0 Confiants en la Divine Providence, allons ensemble peser les choses, en bon R\u00e9gentistes, sur la balance de notre jugement. REPUBLIQUE OU MONARCHIE ?<\/span><\/p>\n<p><span style=\"color: #ff6600;\"><span style=\"font-size: 12pt;\">Herv\u00e9 J. VOLTO, Pr\u00e9sident Honoraire de la Charte de Fontevrault (Pr\u00e9sident 1991-1994), CJA, membre du Chapitre G\u00e9n\u00e9ral et D\u00e9l\u00e9gu\u00e9 Officiel pour l\u2019italie<\/span><\/span><br \/>\n<span style=\"font-size: 12pt;\">____<\/span><\/p>\n<p><span style=\"font-size: 12pt; color: #993366;\">A lire:<\/span><\/p>\n<p><span style=\"font-size: 12pt; color: #339966;\"><strong>Pour un Royalisme people <u>\u00a0<\/u><\/strong>:<\/span><\/p>\n<p><span style=\"font-size: 12pt; color: #339966;\">-Pierre Miquel,\u00a0<em>Les derniers Rois d\u2019Europe<\/em>\u00a0(Robert Laffont)<\/span><\/p>\n<p><span style=\"font-size: 12pt; color: #339966;\"><strong>Pour un Royalisme politique<\/strong>\u00a0:<\/span><\/p>\n<p><span style=\"font-size: 12pt; color: #339966;\">-Fran\u00e7ois-Marie Algould,\u00a0<em>France, notre seule patrie<\/em> (Editions de Chir\u00e9)\u00a0 <\/span><span style=\"font-size: 12pt;\"><a href=\"https:\/\/www.motsetimages.fr\/editeur\/dpf-chire\/?page=7\">https:\/\/www.motsetimages.fr\/editeur\/dpf-chire\/?page=7<\/a><\/span><\/p>\n<p><span style=\"font-size: 12pt; color: #339966;\"><strong>Pour un Royalisme spirituel<\/strong>\u00a0:<\/span><\/p>\n<p><span style=\"font-size: 12pt; color: #339966;\">-Marquis de la Franquerie,\u00a0<em>Le caract\u00e8re sacr\u00e9 et divin de la Royaut\u00e9 en France<\/em>\u00a0(Editions de Chir\u00e9)<\/span><\/p>\n<p><span style=\"font-size: 14pt; color: #800080;\">A para\u00eetre sur ce\u00a0 site\u00a0 m\u00eame<em> : Les Trois Lois de la Politique.<\/em><\/span><\/p>\n","protected":false},"excerpt":{"rendered":"<p>\u00a0 \u00a0 \u00a0 \u00a0 \u00a0Votre serviteur a voulu \u00e9crire pour nos amis transalpins. Les Royalistes d\u2019un certain \u00e2ge se trouveront confirm\u00e9 dans leur Foi et leur Tradition, les plus jeunes&#8230; <a href=\"https:\/\/charte-fontevrault-providentialisme.fr\/index.php\/2024\/02\/28\/herve-volto-perspectives-royalistes-pour-le-xxi-siecle-republique-ou-monarchie\/\">Cliquez pour lire davantage &raquo;<\/a><\/p>\n","protected":false},"author":2,"featured_media":0,"comment_status":"open","ping_status":"open","sticky":false,"template":"","format":"standard","meta":{"footnotes":""},"categories":[30912,30913],"tags":[33634,2706,31340,32364,5699,6480,32531,9038,34148,34153,11155,34155,32981,15775,34152,17576,34149,34154,21235,23581,33802],"class_list":["post-57845","post","type-post","status-publish","format-standard","hentry","category-action-catholique","category-action-providentialiste","tag-alexandre-dumas-1802-1870","tag-chapitre-general-de-la-charte-de-fontevrault","tag-charles-maurras-1868-1952","tag-charles-peguy-1873-1914","tag-dpf-editions-de-chire-b-p-1-86190-chire-en-montreuil","tag-encyclopedie-du-royalisme-en-ligne-sylmpedia","tag-francois-marie-algoud-1920-2012","tag-herve-volto-cja-h-president-1991-1994-de-la-charte-de-fontevrault","tag-https-man8rove-com-fr","tag-https-maurras-net","tag-https-www-ladepeche-fr","tag-https-www-motsetimages-fr","tag-jacques-benigne-bossuet-1627-1704","tag-marquis-de-la-franquerie-1901-1992","tag-nationalisme-francais-et-chretien","tag-oeuvre-les-trois-mousquetaires","tag-pierre-miquel-1930-2007","tag-ploutocratie","tag-quatre-etats-confederes","tag-royalisme-regentisme","tag-vicomte-louis-de-bonald-1745-1840"],"_links":{"self":[{"href":"https:\/\/charte-fontevrault-providentialisme.fr\/index.php\/wp-json\/wp\/v2\/posts\/57845","targetHints":{"allow":["GET"]}}],"collection":[{"href":"https:\/\/charte-fontevrault-providentialisme.fr\/index.php\/wp-json\/wp\/v2\/posts"}],"about":[{"href":"https:\/\/charte-fontevrault-providentialisme.fr\/index.php\/wp-json\/wp\/v2\/types\/post"}],"author":[{"embeddable":true,"href":"https:\/\/charte-fontevrault-providentialisme.fr\/index.php\/wp-json\/wp\/v2\/users\/2"}],"replies":[{"embeddable":true,"href":"https:\/\/charte-fontevrault-providentialisme.fr\/index.php\/wp-json\/wp\/v2\/comments?post=57845"}],"version-history":[{"count":17,"href":"https:\/\/charte-fontevrault-providentialisme.fr\/index.php\/wp-json\/wp\/v2\/posts\/57845\/revisions"}],"predecessor-version":[{"id":57896,"href":"https:\/\/charte-fontevrault-providentialisme.fr\/index.php\/wp-json\/wp\/v2\/posts\/57845\/revisions\/57896"}],"wp:attachment":[{"href":"https:\/\/charte-fontevrault-providentialisme.fr\/index.php\/wp-json\/wp\/v2\/media?parent=57845"}],"wp:term":[{"taxonomy":"category","embeddable":true,"href":"https:\/\/charte-fontevrault-providentialisme.fr\/index.php\/wp-json\/wp\/v2\/categories?post=57845"},{"taxonomy":"post_tag","embeddable":true,"href":"https:\/\/charte-fontevrault-providentialisme.fr\/index.php\/wp-json\/wp\/v2\/tags?post=57845"}],"curies":[{"name":"wp","href":"https:\/\/api.w.org\/{rel}","templated":true}]}}