{"id":58677,"date":"2024-04-09T15:00:47","date_gmt":"2024-04-09T13:00:47","guid":{"rendered":"https:\/\/charte-fontevrault-providentialisme.fr\/?p=58677"},"modified":"2024-04-09T09:37:25","modified_gmt":"2024-04-09T07:37:25","slug":"difficultes-pour-honorer-la-memoire-du-comte-honore-destienne-dorves-fusille-par-les-nazis-certes-mais-royaliste","status":"publish","type":"post","link":"https:\/\/charte-fontevrault-providentialisme.fr\/index.php\/2024\/04\/09\/difficultes-pour-honorer-la-memoire-du-comte-honore-destienne-dorves-fusille-par-les-nazis-certes-mais-royaliste\/","title":{"rendered":"Difficult\u00e9s pour  honorer la m\u00e9moire du  comte Honor\u00e9 d\u2019Estienne d\u2019Orves&#8230; fusill\u00e9 par les nazis  certes&#8230; Mais royaliste !"},"content":{"rendered":"<p><img loading=\"lazy\" decoding=\"async\" class=\"alignright size-large wp-image-58689\" src=\"https:\/\/charte-fontevrault-providentialisme.fr\/wp-content\/uploads\/2024\/04\/Capture-decran-2024-04-09-a-09.24.12-1024x394.png\" alt=\"\" width=\"625\" height=\"240\" srcset=\"https:\/\/charte-fontevrault-providentialisme.fr\/wp-content\/uploads\/2024\/04\/Capture-decran-2024-04-09-a-09.24.12-1024x394.png 1024w, https:\/\/charte-fontevrault-providentialisme.fr\/wp-content\/uploads\/2024\/04\/Capture-decran-2024-04-09-a-09.24.12-300x115.png 300w, https:\/\/charte-fontevrault-providentialisme.fr\/wp-content\/uploads\/2024\/04\/Capture-decran-2024-04-09-a-09.24.12-768x296.png 768w, https:\/\/charte-fontevrault-providentialisme.fr\/wp-content\/uploads\/2024\/04\/Capture-decran-2024-04-09-a-09.24.12-1536x591.png 1536w, https:\/\/charte-fontevrault-providentialisme.fr\/wp-content\/uploads\/2024\/04\/Capture-decran-2024-04-09-a-09.24.12-2048x788.png 2048w, https:\/\/charte-fontevrault-providentialisme.fr\/wp-content\/uploads\/2024\/04\/Capture-decran-2024-04-09-a-09.24.12-624x240.png 624w, https:\/\/charte-fontevrault-providentialisme.fr\/wp-content\/uploads\/2024\/04\/Capture-decran-2024-04-09-a-09.24.12-1320x508.png 1320w\" sizes=\"auto, (max-width: 625px) 100vw, 625px\" \/><\/p>\n<p><span style=\"font-size: 12pt; color: #008000;\"> \u00a0La gauche r\u00e9gionale remonte au cr\u00e9neau au sujet du nom du lyc\u00e9e de Carquefou, pr\u00e8s de Nantes, lequel fait d\u00e9bat depuis son ouverture. En cause, le nom choisi par la majorit\u00e9, qui voudrait donner celui d\u2019Honor\u00e9 d\u2019Estienne d\u2019Orves au lyc\u00e9e ouvert voil\u00e0 un an.<\/span><\/p>\n<h2><span style=\"font-size: 12pt; color: #008000;\">La gauche tousse<\/span><\/h2>\n<p><span style=\"font-size: 12pt; color: #008000;\">\u00a0 \u00a0 \u00a0La gauche tousse contre ce choix et le conseil d\u2019administration du lyc\u00e9e, qui a propos\u00e9 les noms de Michel Serres, d\u2019Alan Turing et d\u2019Hubert Reeves, ne se fait pas prier pour le dire. Par quinze voix contre et deux pour, il vient de dire non \u00e0 la proposition de la majorit\u00e9 r\u00e9gionale, lors d\u2019un vote le 27 septembre.<\/span><\/p>\n<h2><img loading=\"lazy\" decoding=\"async\" class=\"alignright size-full wp-image-58678\" src=\"https:\/\/charte-fontevrault-providentialisme.fr\/wp-content\/uploads\/2024\/04\/440px-Avis-execution-destienne-dorves.jpg\" alt=\"\" width=\"440\" height=\"330\" srcset=\"https:\/\/charte-fontevrault-providentialisme.fr\/wp-content\/uploads\/2024\/04\/440px-Avis-execution-destienne-dorves.jpg 440w, https:\/\/charte-fontevrault-providentialisme.fr\/wp-content\/uploads\/2024\/04\/440px-Avis-execution-destienne-dorves-300x225.jpg 300w, https:\/\/charte-fontevrault-providentialisme.fr\/wp-content\/uploads\/2024\/04\/440px-Avis-execution-destienne-dorves-240x180.jpg 240w\" sizes=\"auto, (max-width: 440px) 100vw, 440px\" \/><\/h2>\n<h2><span style=\"color: #008000; font-size: 12pt;\">Pass\u00e9 de r\u00e9sistant\u2009: oui mais\u2026<\/span><\/h2>\n<p><span style=\"color: #008000; font-size: 12pt;\">\u00a0 \u00a0 \u00a0 \u00a0 Si le pass\u00e9 de r\u00e9sistant d\u2019Honor\u00e9 d\u2019Estienne d\u2019Orves n\u2019est contest\u00e9 par absolument personne (il organisa un r\u00e9seau de renseignements pendant l\u2019occupation allemande en France\u2009, pendant la Seconde Guerre mondiale), c\u2019est plut\u00f4t son <strong>profil tr\u00e8s monarchiste qui fait d\u00e9bat,<\/strong> notamment dans les rangs des \u00e9lus.<\/span><\/p>\n<h2><span style=\"font-size: 12pt; color: #008000;\">\u00ab\u2009Une faute\u2009\u00bb<\/span><\/h2>\n<p><span style=\"font-size: 12pt; color: #008000;\"><strong>\u00ab\u2009Pourquoi ce passage en force\u2009\u00bb, <\/strong>s\u2019\u00e9tonnent Eric Thouzeau et Christophe Clergeau, qui d\u00e9noncent <strong>\u00ab\u2009une faute\u2009\u00bb <\/strong>de la majorit\u00e9 en place.<\/span><\/p>\n<p><span style=\"font-size: 12pt;\"><a href=\"https:\/\/www.ouest-france.fr\/pays-de-la-loire\/carquefou-44470\/carquefou-nom-du-lycee-la-gauche-denonce-un-passage-en-force-6008220\">https:\/\/www.ouest-france.fr\/pays-de-la-loire\/carquefou-44470\/carquefou-nom-du-lycee-la-gauche-denonce-un-passage-en-force-6008220<\/a><\/span><\/p>\n","protected":false},"excerpt":{"rendered":"<p>\u00a0La gauche r\u00e9gionale remonte au cr\u00e9neau au sujet du nom du lyc\u00e9e de Carquefou, pr\u00e8s de Nantes, lequel fait d\u00e9bat depuis son ouverture. En cause, le nom choisi par la&#8230; <a href=\"https:\/\/charte-fontevrault-providentialisme.fr\/index.php\/2024\/04\/09\/difficultes-pour-honorer-la-memoire-du-comte-honore-destienne-dorves-fusille-par-les-nazis-certes-mais-royaliste\/\">Cliquez pour lire davantage &raquo;<\/a><\/p>\n","protected":false},"author":2,"featured_media":0,"comment_status":"open","ping_status":"open","sticky":false,"template":"","format":"standard","meta":{"footnotes":""},"categories":[31069],"tags":[34286,34284,11341,34285],"class_list":["post-58677","post","type-post","status-publish","format-standard","hentry","category-action-memorielle","tag-commune-de-carquefou-44470","tag-comte-honore-destienne-dorves-1901-1941","tag-https-www-ouest-france-fr","tag-lycee-de-carquefou-44470"],"_links":{"self":[{"href":"https:\/\/charte-fontevrault-providentialisme.fr\/index.php\/wp-json\/wp\/v2\/posts\/58677","targetHints":{"allow":["GET"]}}],"collection":[{"href":"https:\/\/charte-fontevrault-providentialisme.fr\/index.php\/wp-json\/wp\/v2\/posts"}],"about":[{"href":"https:\/\/charte-fontevrault-providentialisme.fr\/index.php\/wp-json\/wp\/v2\/types\/post"}],"author":[{"embeddable":true,"href":"https:\/\/charte-fontevrault-providentialisme.fr\/index.php\/wp-json\/wp\/v2\/users\/2"}],"replies":[{"embeddable":true,"href":"https:\/\/charte-fontevrault-providentialisme.fr\/index.php\/wp-json\/wp\/v2\/comments?post=58677"}],"version-history":[{"count":6,"href":"https:\/\/charte-fontevrault-providentialisme.fr\/index.php\/wp-json\/wp\/v2\/posts\/58677\/revisions"}],"predecessor-version":[{"id":58686,"href":"https:\/\/charte-fontevrault-providentialisme.fr\/index.php\/wp-json\/wp\/v2\/posts\/58677\/revisions\/58686"}],"wp:attachment":[{"href":"https:\/\/charte-fontevrault-providentialisme.fr\/index.php\/wp-json\/wp\/v2\/media?parent=58677"}],"wp:term":[{"taxonomy":"category","embeddable":true,"href":"https:\/\/charte-fontevrault-providentialisme.fr\/index.php\/wp-json\/wp\/v2\/categories?post=58677"},{"taxonomy":"post_tag","embeddable":true,"href":"https:\/\/charte-fontevrault-providentialisme.fr\/index.php\/wp-json\/wp\/v2\/tags?post=58677"}],"curies":[{"name":"wp","href":"https:\/\/api.w.org\/{rel}","templated":true}]}}