{"id":60268,"date":"2024-07-11T10:32:17","date_gmt":"2024-07-11T08:32:17","guid":{"rendered":"https:\/\/charte-fontevrault-providentialisme.fr\/?p=60268"},"modified":"2024-07-11T11:23:58","modified_gmt":"2024-07-11T09:23:58","slug":"lorsque-jean-jaures-dicte-sa-conduite-a-la-charte-de-fontevrault-aller-a-lideal-et-comprendre-le-reel","status":"publish","type":"post","link":"https:\/\/charte-fontevrault-providentialisme.fr\/index.php\/2024\/07\/11\/lorsque-jean-jaures-dicte-sa-conduite-a-la-charte-de-fontevrault-aller-a-lideal-et-comprendre-le-reel\/","title":{"rendered":"Lorsque Jean-Jaur\u00e9s  dicte sa conduite \u00e0 la Charte de Fontevrault:  &#8220;Aller \u00e0 l\u2019id\u00e9al et comprendre le r\u00e9el\u00a0\u00bb*"},"content":{"rendered":"<ul>\n<li><span style=\"font-size: 12pt;\"><a href=\"https:\/\/www.souffrance-et-travail.com\/magazine\/artistes\/courage-jean-jaures\/\">https:\/\/www.souffrance-et-travail.com\/magazine\/artistes\/courage-jean-jaures\/\u00a0<\/a> \u00a0\u00a0 \u00a0 \u00a0 \u00a0 \u00a0 \u00a0 \u00a0 \u00a0 \u00a0 \u00a0 \u00a0 \u00a0 \u00a0 \u00a0 \u00a0 \u00a0 \u00a0 \u00a0 \u00a0 \u00a0 \u00a0 \u00a0 \u00a0 \u00a0 \u00a0 \u00a0 \u00a0 \u00a0 \u00a0 \u00a0 \u00a0 \u00a0 \u00a0 \u00a0 \u00a0 \u00a0 \u00a0 \u00a0 \u00a0 \u00a0 \u00a0 \u00a0 \u00a0 \u00a0 \u00a0 \u00a0 \u00a0 \u00a0 \u00a0 \u00a0 \u00a0 \u00a0 \u00a0 \u00a0 \u00a0 \u00a0 \u00a0 \u00a0 \u00a0 \u00a0 \u00a0 \u00a0 \u00a0 \u00a0 \u00a0 \u00a0 \u00a0 \u00a0 \u00a0 \u00a0 \u00a0 \u00a0 \u00a0 \u00a0 <span style=\"color: #ff00ff;\">Ce parrainage pourrait para\u00eetre audacieux\u00a0 et un peu hors de\u00a0 saison. mettre en parall\u00e9le les deux\u00a0 commandements issus du\u00a0 Notre P\u00e8re<\/span>\u00a0 \u00a0 \u00a0 \u00a0 \u00a0 \u00a0 \u00a0 \u00a0 \u00a0 \u00a0 \u00a0 \u00a0 \u00a0 \u00a0 \u00a0 \u00a0 \u00a0 \u00a0 \u00a0 \u00a0 \u00a0 \u00a0 \u00a0 \u00a0 \u00a0 \u00a0 \u00a0 \u00a0 \u00a0 \u00a0 \u00a0 \u00a0 \u00a0 \u00a0 \u00a0 \u00a0 \u00a0 \u00a0 \u00a0 \u00a0 \u00a0 \u00a0 \u00a0 \u00a0 \u00a0 \u00a0 \u00a0 \u00a0 \u00a0 \u00a0 \u00a0 \u00a0 \u00a0 \u00a0 \u00a0 \u00a0 \u00a0 \u00a0 \u00a0 \u00a0 \u00a0 \u00a0 \u00a0 \u00a0 \u00a0 \u00a0 \u00a0 \u00a0 \u00a0 \u00a0 \u00a0 \u00a0 \u00a0 \u00a0 \u00a0 \u00a0 \u00a0 \u00a0 \u00a0 \u00a0 \u00a0 \u00a0 \u00a0 \u00a0 \u00a0 \u00a0 \u00a0 \u00a0 \u00a0 \u00a0 \u00a0 \u00a0 \u00a0 \u00a0 \u00a0 <strong>\u00a0 <\/strong><span style=\"color: #008000;\"><em><strong>a)<\/strong> <strong>Soumission \u00e0 la Volont\u00e9 divine<\/strong> y compris s&#8217;agissant de qui doit \u00eatre Le Lieutenant de Dieu sur le tr\u00f4ne de France en application du commandement &#8221; Que Votre volont\u00e9 soit faite sur la terre comme au Ciel&#8221;&#8230; or le tr\u00f4ne c&#8217;est aussi la terre.\u00a0 \u00a0 \u00a0 \u00a0 \u00a0 \u00a0 b) <strong>Pardon des offenses<\/strong> <strong>commises par des militants servant un autre prince que le sien<\/strong> en application du commandement : &#8220;Pardonnez nous nos offenses comme nous pardonnons \u00e0 ceux qui nous ont offens\u00e9s &#8221; Il ne nous est donc pas possible de qualifier un prince de descendant de r\u00e9gicide ou un autre de prince \u00e9tranger.<\/em><\/span><\/span><\/li>\n<\/ul>\n<p><span style=\"font-size: 12pt;\"><span style=\"color: #ff00ff;\">\u00a0 \u00a0 \u00a0 \u00a0 et les fortes paroles du Tribun\u00a0 rappel\u00e9es en\u00a0 titre\u00a0 \u00a0 de\u00a0 cet\u00a0 article (1859-1914) , un des r\u00e9dacteurs de la Loi de s\u00e9paration des \u00c9glises et de l&#8217;\u00c9tat (9 d\u00e9cembre 1905)<\/span><\/span><\/p>\n<p><span style=\"font-size: 12pt;\"><span style=\"color: #008000;\">\u00a0 \u00a0 En fait l&#8217;audace&#8221;\u00a0 n&#8217;est qu&#8217; apparente.\u00a0 Nous appelons les royalistes \u00e0 vivre en chr\u00e9tiens mais\u00a0 royalistes il sont\u00a0 et royalistes ils resteront . Ils devront\u00a0 \u00a0 \u00a0 \u00a0 \u00a0 \u00a0 \u00a0 \u00a0 \u00a0 \u00a0 \u00a0 \u00a0 \u00a0 \u00a0 &#8221; simplement&#8221; s&#8217;efforcer de mettre leur militantisme en accord avec leur Foi . Prenons un exemple les apparitions \u00e0 Loublande\u00a0 dont a b\u00e9n\u00e9fici\u00e9 Claire Ferchaud et\u00a0 dont la Charte s&#8217;est\u00a0 d\u00e9j\u00e0 fait l&#8217;\u00e9cho.\u00a0 <\/span>\u00a0<span style=\"color: #0000ff;\">https:\/\/chartedefontevraultprovidentialisme.wordpress.com\/2018\/09\/01\/claire-ferchaud-de-loublande-79700-au-palais-de-lelysee<\/span>\/<\/span><\/p>\n<p><span style=\"font-size: 12pt; color: #008000;\">\u00a0 \u00a0il peut se trouver des royalistes qui n&#8217;attachent pas la m\u00eame valeur que moi\u00a0 aux messages de Loublande et pourtant\u00a0 eux aussi seront invit\u00e9s \u00e0 Reims pour le Sacre.\u00a0 c&#8217;est pourquoi la\u00a0 Charte de Fontevrault\u00a0 &#8211; qui ne\u00a0 cache jamais l&#8217;importance\u00a0 qu&#8217;elle attache aux messages du Ciel &#8220;<em> Aller \u00e0 l&#8217;ideal<\/em>&#8221;\u00a0 &#8211; s&#8217;efforce de &#8220;<em>comprendre le r\u00e9el\u00a0<\/em> &#8221;\u00a0 en donnant\u00a0 aussi la parole sur son blog \u00e0 des royalistes non providentialistes. puisqu&#8217;eux et nous\u00a0 ont des opinions diff\u00e9rentes concernant le &#8220;r\u00e9el&#8221;. <\/span><\/p>\n<p><span style=\"font-size: 12pt; color: #008000;\">\u00a0 \u00a0 \u00a0 \u00a0 En clair\u00a0 nous permettons \u00e0 des trains\u00a0 qui circulent\u00a0 sur des voies diif\u00e9rentes\u00a0 \u00a0de pr\u00e9senter leurs id\u00e9es aux Fran\u00e7ais mais\u00a0 nous ne\u00a0 ne g\u00e9rons pas le poste d&#8217;aiguillage de ce faisceau de\u00a0 voies dont une seule conduit \u00e0 Reims. Peut-\u00eatre que\u00a0 si nous &#8211; Charte de Fontevrault- n&#8217;\u00e9tions pas l\u00e0. certains\u00a0 de ces\u00a0 trains d\u00e9railleraient \u00e0 cause de la\u00a0 violence des attaques intra monarchistes.\u00a0 \u00a0 \u00a0 \u00a0 \u00a0 \u00a0 \u00a0 \u00a0 \u00a0 \u00a0 \u00a0 \u00a0 \u00a0 \u00a0 \u00a0 \u00a0 \u00a0 \u00a0 \u00a0 \u00a0 \u00a0 \u00a0 \u00a0 \u00a0 \u00a0 \u00a0 \u00a0 Notre r\u00f4le est de demander \u00e0 chacun\u00a0 de faire pour le mieux\u00a0 afin que le monde royaliste vive le plus possible en bonne intelligence . Ce n&#8217;est peut -\u00eatre pas grand\u00a0 chose mais peut-\u00eatre que si nous &#8211; Charte de Fontevrailt-\u00a0 n&#8217;\u00e9tions pas l\u00e0 , les\u00a0 choses seraient\u00a0 pires encore.<\/span><\/p>\n<p><span style=\"font-size: 12pt;\">\u00a0 <span style=\"color: #008000;\">\u00a0 En clair, <\/span><\/span><span style=\"font-size: 12pt; color: #008000;\">comme Dieu voudra avec qui Il voudra et quand Il le voudra.<\/span><\/p>\n<p><span style=\"color: #ff6600; font-size: 12pt;\">Alain TEXIER. Pr\u00e9sident fondateur de la Charte de Fontevrault en l&#8217;abbaye royale de Fontevraud le jeudi 25 ao\u00fbt 1988.<\/span><\/p>\n<p><span style=\"color: #008000;\"><span style=\"font-size: 16px;\">\u00a0 \u00a0\u00a0<\/span><\/span><\/p>\n","protected":false},"excerpt":{"rendered":"<p>https:\/\/www.souffrance-et-travail.com\/magazine\/artistes\/courage-jean-jaures\/\u00a0 \u00a0\u00a0 \u00a0 \u00a0 \u00a0 \u00a0 \u00a0 \u00a0 \u00a0 \u00a0 \u00a0 \u00a0 \u00a0 \u00a0 \u00a0 \u00a0 \u00a0 \u00a0 \u00a0 \u00a0 \u00a0 \u00a0 \u00a0 \u00a0 \u00a0 \u00a0 \u00a0 \u00a0 \u00a0 \u00a0&#8230; <a href=\"https:\/\/charte-fontevrault-providentialisme.fr\/index.php\/2024\/07\/11\/lorsque-jean-jaures-dicte-sa-conduite-a-la-charte-de-fontevrault-aller-a-lideal-et-comprendre-le-reel\/\">Cliquez pour lire davantage &raquo;<\/a><\/p>\n","protected":false},"author":2,"featured_media":0,"comment_status":"open","ping_status":"open","sticky":false,"template":"","format":"standard","meta":{"footnotes":""},"categories":[30912,30913,5],"tags":[392,33500,34534,34535,34512,14471,34485],"class_list":["post-60268","post","type-post","status-publish","format-standard","hentry","category-action-catholique","category-action-providentialiste","category-archives-de-la-charte-de-fontevrault","tag-abbaye-royale-de-fontevraud-45590","tag-alain-texier-cja-f-h-president-fondateur-de-la-charte-de-fontevrault-en-1988-1945","tag-claire-ferchaud-1896-1972","tag-https-www-souffrance-et-travail-com","tag-jean-jaures-1859-1914","tag-loublande-commune-de-mauleon-79700","tag-rencontres-fontevristes-1988"],"_links":{"self":[{"href":"https:\/\/charte-fontevrault-providentialisme.fr\/index.php\/wp-json\/wp\/v2\/posts\/60268","targetHints":{"allow":["GET"]}}],"collection":[{"href":"https:\/\/charte-fontevrault-providentialisme.fr\/index.php\/wp-json\/wp\/v2\/posts"}],"about":[{"href":"https:\/\/charte-fontevrault-providentialisme.fr\/index.php\/wp-json\/wp\/v2\/types\/post"}],"author":[{"embeddable":true,"href":"https:\/\/charte-fontevrault-providentialisme.fr\/index.php\/wp-json\/wp\/v2\/users\/2"}],"replies":[{"embeddable":true,"href":"https:\/\/charte-fontevrault-providentialisme.fr\/index.php\/wp-json\/wp\/v2\/comments?post=60268"}],"version-history":[{"count":7,"href":"https:\/\/charte-fontevrault-providentialisme.fr\/index.php\/wp-json\/wp\/v2\/posts\/60268\/revisions"}],"predecessor-version":[{"id":60277,"href":"https:\/\/charte-fontevrault-providentialisme.fr\/index.php\/wp-json\/wp\/v2\/posts\/60268\/revisions\/60277"}],"wp:attachment":[{"href":"https:\/\/charte-fontevrault-providentialisme.fr\/index.php\/wp-json\/wp\/v2\/media?parent=60268"}],"wp:term":[{"taxonomy":"category","embeddable":true,"href":"https:\/\/charte-fontevrault-providentialisme.fr\/index.php\/wp-json\/wp\/v2\/categories?post=60268"},{"taxonomy":"post_tag","embeddable":true,"href":"https:\/\/charte-fontevrault-providentialisme.fr\/index.php\/wp-json\/wp\/v2\/tags?post=60268"}],"curies":[{"name":"wp","href":"https:\/\/api.w.org\/{rel}","templated":true}]}}