{"id":60389,"date":"2024-07-12T17:00:36","date_gmt":"2024-07-12T15:00:36","guid":{"rendered":"https:\/\/charte-fontevrault-providentialisme.fr\/?p=60389"},"modified":"2024-07-12T19:48:15","modified_gmt":"2024-07-12T17:48:15","slug":"nouveau-gouvernement-le-president-macron-nest-pas-presse-et-il-a-peut-etre-ses-raisons","status":"publish","type":"post","link":"https:\/\/charte-fontevrault-providentialisme.fr\/index.php\/2024\/07\/12\/nouveau-gouvernement-le-president-macron-nest-pas-presse-et-il-a-peut-etre-ses-raisons\/","title":{"rendered":"Nouveau gouvernement, le Pr\u00e9sident Macron n&#8217;est pas press\u00e9 et il a peut -\u00eatre ses raisons."},"content":{"rendered":"<article class=\"article-body-wrapper article_table article_blockquote font_secondary\" data-datawall-status=\"null\">\n<p class=\"article_link\"><span style=\"font-size: 12pt;\"><span style=\"color: #008000;\">\u00a0 \u00a0 \u00a0Il est urgent d\u2019attendre. Si, le 9 juin \u00e9024,\u00a0 Emmanuel Macron avait appuy\u00e9 sur le bouton de la dissolution, une heure \u00e0 peine apr\u00e8s la cl\u00f4ture du scrutin europ\u00e9en, le chef de l\u2019Etat, d\u00e9sormais, n\u2019est pas press\u00e9. Au lendemain des \u00e9lections l\u00e9gislatives, le Pr\u00e9sident a re\u00e7u, lundi midi, Gabriel Attal qui, comme il l\u2019avait annonc\u00e9, lui a remis sa d\u00e9mission<\/span>. <\/span><\/p>\n<p class=\"article_link\"><span style=\"font-size: 12pt;\"><a href=\"https:\/\/www.liberation.fr\/idees-et-debats\/gabriel-attal-heros-biblique-malgre-lui-20240708_EBTH4FK6XBHVPLJM6UGLPCEQYY\/\" target=\"_blank\" rel=\"noopener\"><span style=\"color: #008000;\">\u00a0 \u00a0 \u00a0 \u00a0 Pri\u00e9 de rester en poste <\/span><i><span style=\"color: #008000;\">\u00abpour le moment, afin d\u2019assurer la stabilit\u00e9 du pays<\/span>\u00bb<\/i>,<span style=\"font-size: 10pt;\">*https:\/\/www.zinfos974.com\/emmanuel-macron-demande-a-gabriel-attal-de-rester-en-poste-pour-le-moment\/<\/span><\/a>\u00a0l<span style=\"color: #008000;\">e Premier ministre doit g\u00e9rer les urgences, le temps que la situation politique se d\u00e9cante. N\u2019est pas ma\u00eetre des horloges qui veut.\u00a0<i><strong>\u00abDans l\u2019intervalle, l\u2019enjeu de l\u2019Elys\u00e9e est de pouvoir faire des nominations [de hauts-fonctionnaires] en Conseil des ministres, ce que l\u2019on ne peut pas faire avec un gouvernement d\u00e9missionnaire qui ne g\u00e8re que les affaires courantes\u00bb<\/strong>,<\/i>\u00a0souligne un conseiller de l\u2019ex\u00e9cuti<\/span><\/span><span style=\"color: #008000;\">f.<\/span><\/p>\n<p class=\"article_link\"><span style=\"font-size: 12pt;\"><a href=\"https:\/\/www.liberation.fr\/politique\/apres-les-legislatives-anticipees-macron-laisse-decanter-ses-troupes-sont-desenchantees-20240709_U7WRDOAZ4NA3ZL2EUDU2GJQLD4\/ois\">https:\/\/www.liberation.fr\/politique\/apres-les-legislatives-anticipees-macron-laisse-decanter-ses-troupes-sont-desenchantees-20240709_U7WRDOAZ4NA3ZL2EUDU2GJQLD4\/ois<\/a><\/span><\/p>\n<\/article>\n<div><\/div>\n<div class=\"article-body-paywall image_width_auto\"><\/div>\n","protected":false},"excerpt":{"rendered":"<p>\u00a0 \u00a0 \u00a0Il est urgent d\u2019attendre. Si, le 9 juin \u00e9024,\u00a0 Emmanuel Macron avait appuy\u00e9 sur le bouton de la dissolution, une heure \u00e0 peine apr\u00e8s la cl\u00f4ture du scrutin&#8230; <a href=\"https:\/\/charte-fontevrault-providentialisme.fr\/index.php\/2024\/07\/12\/nouveau-gouvernement-le-president-macron-nest-pas-presse-et-il-a-peut-etre-ses-raisons\/\">Cliquez pour lire davantage &raquo;<\/a><\/p>\n","protected":false},"author":2,"featured_media":0,"comment_status":"open","ping_status":"open","sticky":false,"template":"","format":"standard","meta":{"footnotes":""},"categories":[26],"tags":[11255,34541],"class_list":["post-60389","post","type-post","status-publish","format-standard","hentry","category-societe-traditionnelle","tag-https-www-liberation-fr","tag-https-www-zinfos974-com"],"_links":{"self":[{"href":"https:\/\/charte-fontevrault-providentialisme.fr\/index.php\/wp-json\/wp\/v2\/posts\/60389","targetHints":{"allow":["GET"]}}],"collection":[{"href":"https:\/\/charte-fontevrault-providentialisme.fr\/index.php\/wp-json\/wp\/v2\/posts"}],"about":[{"href":"https:\/\/charte-fontevrault-providentialisme.fr\/index.php\/wp-json\/wp\/v2\/types\/post"}],"author":[{"embeddable":true,"href":"https:\/\/charte-fontevrault-providentialisme.fr\/index.php\/wp-json\/wp\/v2\/users\/2"}],"replies":[{"embeddable":true,"href":"https:\/\/charte-fontevrault-providentialisme.fr\/index.php\/wp-json\/wp\/v2\/comments?post=60389"}],"version-history":[{"count":3,"href":"https:\/\/charte-fontevrault-providentialisme.fr\/index.php\/wp-json\/wp\/v2\/posts\/60389\/revisions"}],"predecessor-version":[{"id":60392,"href":"https:\/\/charte-fontevrault-providentialisme.fr\/index.php\/wp-json\/wp\/v2\/posts\/60389\/revisions\/60392"}],"wp:attachment":[{"href":"https:\/\/charte-fontevrault-providentialisme.fr\/index.php\/wp-json\/wp\/v2\/media?parent=60389"}],"wp:term":[{"taxonomy":"category","embeddable":true,"href":"https:\/\/charte-fontevrault-providentialisme.fr\/index.php\/wp-json\/wp\/v2\/categories?post=60389"},{"taxonomy":"post_tag","embeddable":true,"href":"https:\/\/charte-fontevrault-providentialisme.fr\/index.php\/wp-json\/wp\/v2\/tags?post=60389"}],"curies":[{"name":"wp","href":"https:\/\/api.w.org\/{rel}","templated":true}]}}