{"id":60738,"date":"2024-08-02T10:32:21","date_gmt":"2024-08-02T08:32:21","guid":{"rendered":"https:\/\/charte-fontevrault-providentialisme.fr\/?p=60738"},"modified":"2024-08-02T10:01:58","modified_gmt":"2024-08-02T08:01:58","slug":"herve-volto-perpectives-royalistes-pour-le-xxi-siecle-conclusion","status":"publish","type":"post","link":"https:\/\/charte-fontevrault-providentialisme.fr\/index.php\/2024\/08\/02\/herve-volto-perpectives-royalistes-pour-le-xxi-siecle-conclusion\/","title":{"rendered":"Herv\u00e9 Volto. PERPECTIVES ROYALISTES POUR LE XXI\u00b0 SIECLE : CONCLUSION\u00a0\u00a0"},"content":{"rendered":"<p><span style=\"font-size: 12pt; color: #008080;\"><span style=\"font-size: 12pt;\"><em> <span style=\"color: #800080;\">\u00a0 \u00a0 <\/span><\/em><\/span><span style=\"font-size: 12pt;\"><em><span style=\"color: #800080;\">Votre serviteur a voulu \u00e9crire pour nos amis transalpins. Les Royalistes d\u2019un certain \u00e2ge se trouveront confirm\u00e9 dans leur Foi et leur Tradition, les plus jeunes apprendront peut-\u00eatre quelque chose\u2026<\/span><\/em><\/span><\/span><\/p>\n<p><img loading=\"lazy\" decoding=\"async\" class=\"alignright size-large wp-image-60741\" src=\"https:\/\/charte-fontevrault-providentialisme.fr\/wp-content\/uploads\/2024\/07\/Capture-decran-2024-07-29-a-18.05.28-1024x665.png\" alt=\"\" width=\"625\" height=\"406\" srcset=\"https:\/\/charte-fontevrault-providentialisme.fr\/wp-content\/uploads\/2024\/07\/Capture-decran-2024-07-29-a-18.05.28-1024x665.png 1024w, https:\/\/charte-fontevrault-providentialisme.fr\/wp-content\/uploads\/2024\/07\/Capture-decran-2024-07-29-a-18.05.28-300x195.png 300w, https:\/\/charte-fontevrault-providentialisme.fr\/wp-content\/uploads\/2024\/07\/Capture-decran-2024-07-29-a-18.05.28-768x498.png 768w, https:\/\/charte-fontevrault-providentialisme.fr\/wp-content\/uploads\/2024\/07\/Capture-decran-2024-07-29-a-18.05.28-624x405.png 624w, https:\/\/charte-fontevrault-providentialisme.fr\/wp-content\/uploads\/2024\/07\/Capture-decran-2024-07-29-a-18.05.28-1320x857.png 1320w, https:\/\/charte-fontevrault-providentialisme.fr\/wp-content\/uploads\/2024\/07\/Capture-decran-2024-07-29-a-18.05.28.png 1510w\" sizes=\"auto, (max-width: 625px) 100vw, 625px\" \/><\/p>\n<p><span style=\"font-size: 12pt; color: #008000;\">\u00a0 \u00a0 \u00a0 Depuis la chute de la monarchie traditionnelle\u00a0 en 1830, \u00e0 l\u2019exemple des illustres Louis de Bonald et Joseph de Maistre, les Royalistes maintiennent et manifestent le principe Royal par des journaux, revues et ouvrages, dont le succ\u00e8s et la diffusion ont consid\u00e9rablement vari\u00e9 d\u2019une \u00e9poque \u00e0 l\u2019autre. Un ensemble de proph\u00e9ties nous annonce la restauration d&#8217;un Grand Monarque qui viendra sauver la France et la Chr\u00e9tient\u00e9.\u00a0\u00a0<\/span><\/p>\n<p><span style=\"font-size: 12pt; color: #008000;\"><strong>\u00a0 \u00a0 \u00a0 Le Royalisme en France<\/strong>, c&#8217;est avant tout\u00a0<strong>une attitude culturelle Catholique<\/strong>, celle de la Tradition. En politique, il participe du\u00a0<strong>principe d&#8217;expansion-\u00e9vang\u00e9lisation<\/strong>\u00a0dont L\u00e9on XIII et Charles de Foucault reprendront l&#8217;id\u00e9e : tout le contraire de l&#8217;actuel euro-mondialisme isalmisant ! C&#8217;est aussi\u00a0<strong>un nationalisme Fran\u00e7ais et Chr\u00e9tien<\/strong>\u00a0: mourir pour la Patrie, c&#8217;est mourir pour le salut de la soci\u00e9t\u00e9 Fran\u00e7aise destabilis\u00e9e par les id\u00e9es r\u00e9volutionnaires. C&#8217;est enfin,\u00a0<strong>face \u00e0 la masse, l&#8217;affirmation de la personne<\/strong>&#8230; voulue\u00a0<strong>Chr\u00e9tienne<\/strong>.<\/span><\/p>\n<div id=\"attachment_57421\" style=\"width: 266px\" class=\"wp-caption alignright\"><img loading=\"lazy\" decoding=\"async\" aria-describedby=\"caption-attachment-57421\" class=\"wp-image-57421\" src=\"https:\/\/charte-fontevrault-providentialisme.fr\/wp-content\/uploads\/2024\/02\/Charles_Maurras_-_photographie_Frederic_Boissonnas.jpg\" alt=\"\" width=\"256\" height=\"360\" srcset=\"https:\/\/charte-fontevrault-providentialisme.fr\/wp-content\/uploads\/2024\/02\/Charles_Maurras_-_photographie_Frederic_Boissonnas.jpg 635w, https:\/\/charte-fontevrault-providentialisme.fr\/wp-content\/uploads\/2024\/02\/Charles_Maurras_-_photographie_Frederic_Boissonnas-213x300.jpg 213w, https:\/\/charte-fontevrault-providentialisme.fr\/wp-content\/uploads\/2024\/02\/Charles_Maurras_-_photographie_Frederic_Boissonnas-624x878.jpg 624w\" sizes=\"auto, (max-width: 256px) 100vw, 256px\" \/><p id=\"caption-attachment-57421\" class=\"wp-caption-text\"><a href=\"https:\/\/fr.m.wikipedia.org\/wiki\/Fichier:Charles_Maurras_-_photographie_Fr\u00e9d\u00e9ric_Boissonnas.jpg\"><span style=\"font-size: 12pt;\">\u00a0https:\/\/fr.m.wikipedia.org\/wiki\/Fichier:Charles_Maurras_-_photographie_Fr\u00e9d\u00e9ric_Boissonnas.jpg<\/span><\/a><\/p><\/div>\n<p><span style=\"font-size: 12pt; color: #008000;\">\u00a0 \u00a0 \u00a0 \u00a0 \u00a0On croyait le Royalisme disparu depuis l&#8217;\u00e9chec et la condamnation de Maurras en 1945. En outre, les grands enjeux politiques de l&#8217;apr\u00e8s-guerre (affrontement Est-Ouest, d\u00e9colonisations, revendications sociales et culturelles, mai 68, etc&#8230;) semblaient avoir rel\u00e9gu\u00e9 aux oubliettes de l&#8221;Histoire le d\u00e9bat entre les m\u00e9rites compar\u00e9s du Royalisme et du r\u00e9publicanisme. Jusqu&#8217;\u00e0 la chute du mur de Berlin, la seule question \u00e9tait de savoir s&#8217;il fallait mieux avoir tort avec Jean-Paul Sarthe que raison avec Raymond Aron&#8230;<\/span><\/p>\n<p><span style=\"font-size: 12pt; color: #008000;\">\u00a0 \u00a0 \u00a0 Mais \u00e0 la chute du communisme, et plus g\u00e9n\u00e9ralement de l&#8217;\u00e9chec des id\u00e9ologies du gauche, ont lib\u00e9r\u00e9 un espace id\u00e9ologique permettant \u00e0 des intellectuels de reposer en France, chez nous, la question des insitutions : MONARCHIE OU REPUBLIQUE ?\u00a0\u00a0<\/span><\/p>\n<p><span style=\"font-size: 12pt; color: #008000;\">\u00a0 \u00a0 \u00a0 Compte tenu de tout ce que nous avons dit, posons nous la question : existe-il une perspective d&#8217;action Royaliste en France aujourd&#8217;hui, au commencement du XXI\u00b0 si\u00e8cle ? Il me semble que nous sommes dans une situation paradoxale, que je d\u00e9finirait en trois temps.\u00a0\u00a0<\/span><\/p>\n<div id=\"attachment_60742\" style=\"width: 635px\" class=\"wp-caption alignright\"><a href=\"https:\/\/www.alternatives-economiques.fr\/italie-dordre-favori-de-giorgia-meloni-dieu-famille\/00104788\"><img loading=\"lazy\" decoding=\"async\" aria-describedby=\"caption-attachment-60742\" class=\"wp-image-60742 size-large\" src=\"https:\/\/charte-fontevrault-providentialisme.fr\/wp-content\/uploads\/2024\/07\/Capture-decran-2024-07-29-a-18.25.11-1024x224.png\" alt=\"\" width=\"625\" height=\"137\" srcset=\"https:\/\/charte-fontevrault-providentialisme.fr\/wp-content\/uploads\/2024\/07\/Capture-decran-2024-07-29-a-18.25.11-1024x224.png 1024w, https:\/\/charte-fontevrault-providentialisme.fr\/wp-content\/uploads\/2024\/07\/Capture-decran-2024-07-29-a-18.25.11-300x66.png 300w, https:\/\/charte-fontevrault-providentialisme.fr\/wp-content\/uploads\/2024\/07\/Capture-decran-2024-07-29-a-18.25.11-768x168.png 768w, https:\/\/charte-fontevrault-providentialisme.fr\/wp-content\/uploads\/2024\/07\/Capture-decran-2024-07-29-a-18.25.11-1536x336.png 1536w, https:\/\/charte-fontevrault-providentialisme.fr\/wp-content\/uploads\/2024\/07\/Capture-decran-2024-07-29-a-18.25.11-624x137.png 624w, https:\/\/charte-fontevrault-providentialisme.fr\/wp-content\/uploads\/2024\/07\/Capture-decran-2024-07-29-a-18.25.11-1320x289.png 1320w, https:\/\/charte-fontevrault-providentialisme.fr\/wp-content\/uploads\/2024\/07\/Capture-decran-2024-07-29-a-18.25.11.png 1772w\" sizes=\"auto, (max-width: 625px) 100vw, 625px\" \/><\/a><p id=\"caption-attachment-60742\" class=\"wp-caption-text\"><a href=\"https:\/\/www.alternatives-economiques.fr\/italie-dordre-favori-de-giorgia-meloni-dieu-famille\/00104788\"><span style=\"font-size: 12pt;\">https:\/\/www.alternatives-economiques.fr\/italie-dordre-favori-de-giorgia-meloni-dieu-famille\/00104788<\/span><\/a><\/p><\/div>\n<p>&nbsp;<\/p>\n<p><span style=\"font-size: 12pt; color: #008000;\"><strong>\u00a0 \u00a0 \u00a0 \u00a0D&#8217;abord<\/strong>, les principes Royalistes -Dieu, Famille, Patrie- ( voir illustration ci-dessus) et la th\u00e9orie politique qui se met \u00e0 leur service non seulement demeurent, mais sont plus que jamais adapt\u00e9s au si\u00e8cle qui commence.<\/span><span style=\"font-size: 12pt; color: #008000;\">\u00a0 \u00a0<\/span><\/p>\n<p><span style=\"color: #800080; font-size: 10pt;\">\u00a0 \u00a0 \u00a0 \u00a0 \u00a0 &#8220;Ah \u00e7a ira, \u00e7a ira, \u00e7a ira!&#8221; Depuis vendredi 26 juillet 2024 t jour de la <a class=\"internal_link\" style=\"color: #800080;\" title=\"Anne Hidalgo r\u00e9pond aux critiques de Donald Trump sur les JO: &quot;Vous ne nous faites pas peur&quot;\" href=\"https:\/\/rmcsport.bfmtv.com\/jeux-olympiques\/jo-2024-anne-hidalgo-repond-a-donald-trump-et-aux-critiques-vous-ne-nous-faites-pas-peur_AV-202407310212.html\">c\u00e9r\u00e9monie d&#8217;ouverture des Jeux olympiques de Paris 2024<\/a>, les images de la <a class=\"internal_link\" style=\"color: #800080;\" title=\"JO 2024: les \u00e9coutes de Gojira et &quot;L'hymne \u00e0 l'amour&quot; bondissent apr\u00e8s la c\u00e9r\u00e9monie d'ouverture\" href=\"https:\/\/rmcsport.bfmtv.com\/jeux-olympiques\/people\/jo-2024-les-ecoutes-de-gojira-et-l-hymne-a-l-amour-bondissent-apres-la-ceremonie-d-ouverture_AD-202407270248.html\">Conciergerie<\/a> teint\u00e9e d&#8217;une lumi\u00e8re rouge sang accompagnant le groupe de m\u00e9tal <a class=\"internal_link\" style=\"color: #800080;\" title=\"&quot;Une victoire pour le metal&quot;: Gojira confie sa fiert\u00e9 apr\u00e8s son show \u00e0 la c\u00e9r\u00e9monie d'ouverture des JO 2024\" href=\"https:\/\/rmcsport.bfmtv.com\/jeux-olympiques\/people\/une-victoire-pour-le-metal-gojira-confie-sa-fierte-apres-son-show-a-la-ceremonie-d-ouverture-des-jo-2024_AN-202407290318.html\">Gojira<\/a>, ainsi que la chanteuse lyrique Marina Viotti, font le tour du monde.<\/span><\/p>\n<p><span style=\"color: #800080; font-size: 10pt;\">\u00a0 \u00a0 \u00a0 Le tableau, introduit par une Marie-Antoinette d\u00e9capit\u00e9e faisait partie des sc\u00e8nes les plus marquantes de la c\u00e9r\u00e9monie d&#8217;ouverture des JO.<\/span><\/p>\n<p><span style=\"font-size: 10pt;\"><span style=\"color: #0000ff;\">https:\/\/rmcsport.bfmtv.com\/jeux-olympiques\/tourisme\/jo-2024-mise-en-scene-pendant-la-ceremonie-d-ouverture-la-conciergerie-attire-les-curieux-et-les-touristes_AV-202407310372.htm<\/span>l<\/span><\/p>\n<p><span style=\"font-size: 12pt; color: #008000;\"><strong>\u00a0 <\/strong><\/span><span style=\"font-size: 12pt; color: #008000;\"><strong>Ensuite<\/strong>, de plus en plus de nos compatriotes sont aujourd&#8217;hui sensibles \u00e0 l&#8217;hypoth\u00e8se d&#8217;une restauration de l&#8217;institution qui donna naissance \u00e0 la France, la fit s&#8217;\u00e9panouir, et prosp\u00e9rer jusqu&#8217;\u00e0 atteindre un degr\u00e9 de civilisation dont l&#8217;histoire universelle admire encore la Grandeur. Malgr\u00e9 le tapage de la propagande r\u00e9publicaine,\u00a0\u00a0\u00a0\u00a0\u00a0\u00a0\u00a0\u00a0\u00a0\u00a0\u00a0\u00a0\u00a0\u00a0\u00a0\u00a0\u00a0\u00a0\u00a0\u00a0\u00a0\u00a0\u00a0\u00a0\u00a0\u00a0\u00a0\u00a0\u00a0\u00a0\u00a0\u00a0\u00a0\u00a0\u00a0\u00a0\u00a0\u00a0\u00a0\u00a0\u00a0\u00a0\u00a0\u00a0\u00a0\u00a0\u00a0\u00a0\u00a0\u00a0\u00a0\u00a0\u00a0\u00a0\u00a0\u00a0\u00a0\u00a0\u00a0\u00a0\u00a0\u00a0\u00a0\u00a0\u00a0\u00a0\u00a0\u00a0\u00a0\u00a0\u00a0\u00a0\u00a0\u00a0\u00a0\u00a0\u00a0\u00a0\u00a0\u00a0\u00a0\u00a0\u00a0\u00a0<span style=\"font-size: 10pt;\"><a href=\"https:\/\/rmcsport.bfmtv.com\/jeux-olympiques\/tourisme\/jo-2024-mise-en-scene-pendant-la-ceremonie-d-ouverture-la-conciergerie-attire-les-curieux-et-les-touristes_AV-202407310372.htm\"><strong> https:\/\/rmcsport.bfmtv.com\/jeux-olympiques\/tourisme\/jo-2024-mise-en-scene-pendant-la-ceremonie-d-ouverture-la-conciergerie-attire-les-curieux-et-les-touristes_AV-202407310372.ht<\/strong>m<\/a><\/span><\/span><span style=\"font-size: 10pt;\"><span style=\"color: #800080;\"><span style=\"color: #ff0000;\">\u00a0 \u00a0<\/span><\/span><span style=\"color: #ff0000;\">\u00a0 \u00a0 \u00a0 \u00a0 \u00a0 \u00a0 \u00a0 \u00a0 \u00a0 \u00a0 \u00a0 \u00a0 \u00a0 \u00a0 \u00a0 \u00a0 \u00a0 \u00a0 \u00a0 \u00a0 \u00a0 \u00a0 \u00a0 \u00a0 \u00a0 \u00a0 \u00a0 \u00a0 \u00a0 \u00a0 \u00a0 \u00a0 \u00a0 \u00a0 \u00a0 \u00a0 \u00a0 \u00a0 \u00a0 \u00a0 \u00a0 \u00a0 \u00a0 \u00a0 \u00a0 \u00a0 \u00a0 \u00a0 \u00a0 \u00a0 \u00a0 \u00a0 \u00a0 \u00a0 \u00a0 \u00a0 \u00a0 \u00a0 \u00a0 \u00a0 \u00a0 \u00a0 \u00a0 \u00a0<\/span><\/span><span style=\"color: #0000ff; font-size: 10pt;\">https:\/\/charte-fontevrault-providentialisme.fr\/index.php\/2024\/07\/30\/une-ceremonie-douverture-des-j-0-2024-a-paris-qui-sest-complaisament-vautree-dans-les-turpitudes-de-la-revolution-dite-francaise\/\u00a0<\/span><\/p>\n<p><span style=\"font-size: 12pt; color: #008000;\">\u00a0 \u00a0 \u00a0 \u00a0 il y a encore aujourd&#8217;hui, en France, des Fran\u00e7ais qui seraient pr\u00eats \u00e0 \u00e9couter un discours <\/span><span style=\"font-size: 12pt; color: #008000;\">sp\u00e9cifiquement Royaliste. Notre R\u00e9gentisme r\u00e8gle le probl\u00eame de la querelle dynastique.<\/span><\/p>\n<p><span style=\"font-size: 12pt; color: #008000;\"><strong>\u00a0 \u00a0Enfin<\/strong>, je ne crois pas pour autant que le Royalisme, tel qu&#8217;il se pr\u00e9sente actuellement, sous sa forme militante, soit une force politique en France : trop de divisions graves, dynastiques et id\u00e9ologiques, trop de crispations sur des positions absurdes ou d\u00e9pass\u00e9es, trop d&#8217;ignorance du terrain emp\u00eachent une action politique de se d\u00e9velopper. Autrement dit, la conjoncture n&#8217;est pas mauvaise mais l&#8217;outil est d\u00e9fectueux.\u00a0\u00a0<\/span><\/p>\n<p><span style=\"font-size: 12pt; color: #008000;\">\u00a0 \u00a0 \u00a0Il faut donc changer l&#8217;outil Royaliste. Nous avons d\u00e9montr\u00e9 th\u00e9orie et pratique Royalistes :<\/span><\/p>\n<p><span style=\"font-size: 12pt; color: #008000;\"><em>&#8211;<strong>R\u00e9publique ou Monarchie\u00a0?<a href=\"https:\/\/charte-fontevrault-providentialisme.fr\/index.php\/2024\/02\/28\/herve-volto-perspectives-royalistes-pour-le-xxi-siecle-republique-ou-monarchie\/\">\u00a0<\/a><\/strong><\/em><em>https:\/\/charte-fontevrault-providentialisme.fr\/index.php\/2024\/02\/28\/herve-volto-perspectives-royalistes-pour-le-xxi-siecle-republique-ou-monarchie\/<\/em><\/span><\/p>\n<p><span style=\"font-size: 12pt; color: #008000;\"><em>&#8211;<strong>Les trois lois de la politique<\/strong><\/em>\u00a0<em><a style=\"color: #008000;\" href=\"https:\/\/charte-fontevrault-providentialisme.fr\/index.php\/2024\/04\/01\/herve-volto-perspectives-royalistes-pour-le-xxi-siecle-les-trois-lois-de-la-politique\/\">https:\/\/charte-fontevrault-providentialisme.fr\/index.php\/2024\/04\/01\/herve-volto-perspectives-royalistes-pour-le-xxi-siecle-les-trois-lois-de-la-politique\/<\/a><\/em><\/span><\/p>\n<blockquote class=\"wp-embedded-content\" data-secret=\"dCoGjgm4p7\"><p><a href=\"https:\/\/charte-fontevrault-providentialisme.fr\/index.php\/2024\/04\/13\/herve-volto-perspective-royaliste-pour-le-xxi-siecle-lesprit-de-la-royaute\/\">Herv\u00e9 Volto. PERSPECTIVE ROYALISTE POUR LE XXI\u00b0 SIECLE : L&rsquo;ESPRIT DE LA ROYAUTE<\/a><\/p><\/blockquote>\n<p><iframe loading=\"lazy\" class=\"wp-embedded-content\" sandbox=\"allow-scripts\" security=\"restricted\" style=\"position: absolute; visibility: hidden;\" title=\"\u00ab\u00a0Herv\u00e9 Volto. PERSPECTIVE ROYALISTE POUR LE XXI\u00b0 SIECLE : L&rsquo;ESPRIT DE LA ROYAUTE\u00a0\u00bb &#8212; Charte de Fontevrault et Royalisme providentialiste\" src=\"https:\/\/charte-fontevrault-providentialisme.fr\/index.php\/2024\/04\/13\/herve-volto-perspective-royaliste-pour-le-xxi-siecle-lesprit-de-la-royaute\/embed\/#?secret=5gSYNd4t2j#?secret=dCoGjgm4p7\" data-secret=\"dCoGjgm4p7\" width=\"600\" height=\"338\" frameborder=\"0\" marginwidth=\"0\" marginheight=\"0\" scrolling=\"no\"><\/iframe><\/p>\n<p><span style=\"font-size: 12pt; color: #008000;\"><em>&#8211;<strong>L&#8217;esprit de la Royaut\u00e9<\/strong><\/em>\u00a0<em><a style=\"color: #008000;\" href=\"https:\/\/charte-fontevrault-providentialisme.fr\/index.php\/2024\/04\/13\/herve-volto-perspective-royaliste-pour-le-xxi-siecle-lesprit-de-la-royaute\/\">https:\/\/charte-fontevrault-providentialisme.fr\/index.php\/2024\/04\/13\/herve-volto-perspective-royaliste-pour-le-xxi-siecle-lesprit-de-la-royaute\/<\/a><\/em><\/span><\/p>\n<p><span style=\"font-size: 12pt; color: #008000;\"><em>&#8211;<strong>La perspective est fauss\u00e9e\u00a0<\/strong><\/em><em><a style=\"color: #008000;\" href=\"https:\/\/charte-fontevrault-providentialisme.fr\/index.php\/2024\/04\/27\/herve-volto-perspectives-royalistes-pour-le-xxi-siecle-la-perspective-en-est-faussee\/\">https:\/\/charte-fontevrault-providentialisme.fr\/index.php\/2024\/04\/27\/herve-volto-perspectives-royalistes-pour-le-xxi-siecle-la-perspective-en-est-faussee\/<\/a><\/em><\/span><\/p>\n<p><span style=\"font-size: 12pt; color: #008000;\"><em>&#8211;<strong>La force des choses\u00a0<\/strong><\/em><em><a style=\"color: #008000;\" href=\"https:\/\/charte-fontevrault-providentialisme.fr\/index.php\/2024\/05\/17\/herve-volto-perspectives-royalistes-pour-le-xii-siecle-la-force-des-choses\/\">https:\/\/charte-fontevrault-providentialisme.fr\/index.php\/2024\/05\/17\/herve-volto-perspectives-royalistes-pour-le-xii-siecle-la-force-des-choses\/<\/a><\/em><\/span><\/p>\n<p><span style=\"font-size: 12pt; color: #008000;\"><em>&#8211;<strong>Les trois contraintes du Royalisme<\/strong><\/em>\u00a0<em><a style=\"color: #008000;\" href=\"https:\/\/charte-fontevrault-providentialisme.fr\/index.php\/2024\/06\/04\/perspectives-royalistes-pour-le-xxi-siecle-les-trois-contraintes-du-royalisme\/\">https:\/\/charte-fontevrault-providentialisme.fr\/index.php\/2024\/06\/04\/perspectives-royalistes-pour-le-xxi-siecle-les-trois-contraintes-du-royalisme\/<\/a><\/em><\/span><\/p>\n<p><span style=\"font-size: 12pt; color: #008000;\"><em>&#8211;<strong>Posssiblit\u00e9s d&#8217;actions Royalistes<\/strong><\/em>\u00a0<em><a style=\"color: #008000;\" href=\"https:\/\/charte-fontevrault-providentialisme.fr\/index.php\/2024\/06\/21\/herve-volto-perspectives-royalistes-pour-le-xxi-siecle-possibilite-daction-royaliste\/\">https:\/\/charte-fontevrault-providentialisme.fr\/index.php\/2024\/06\/21\/herve-volto-perspectives-royalistes-pour-le-xxi-siecle-possibilite-daction-royaliste\/<\/a><\/em><\/span><\/p>\n<p><span style=\"font-size: 12pt; color: #008000;\"><em>&#8211;<strong>Le discours du Prince<\/strong><\/em>\u00a0<em><a style=\"color: #008000;\" href=\"https:\/\/charte-fontevrault-providentialisme.fr\/index.php\/2024\/07\/05\/perspectives-royalistes-pour-le-xxieme-siecle-le-discours-du-prince\/\">https:\/\/charte-fontevrault-providentialisme.fr\/index.php\/2024\/07\/05\/perspectives-royalistes-pour-le-xxieme-siecle-le-discours-du-prince\/<\/a><\/em><\/span><\/p>\n<div id=\"attachment_60776\" style=\"width: 432px\" class=\"wp-caption alignleft\"><img loading=\"lazy\" decoding=\"async\" aria-describedby=\"caption-attachment-60776\" class=\"wp-image-60776 \" src=\"https:\/\/charte-fontevrault-providentialisme.fr\/wp-content\/uploads\/2024\/08\/Crown_of_a_Royal_Prince_of_the_Blood_of_France.svg_.png\" alt=\"\" width=\"422\" height=\"199\" srcset=\"https:\/\/charte-fontevrault-providentialisme.fr\/wp-content\/uploads\/2024\/08\/Crown_of_a_Royal_Prince_of_the_Blood_of_France.svg_.png 656w, https:\/\/charte-fontevrault-providentialisme.fr\/wp-content\/uploads\/2024\/08\/Crown_of_a_Royal_Prince_of_the_Blood_of_France.svg_-300x142.png 300w, https:\/\/charte-fontevrault-providentialisme.fr\/wp-content\/uploads\/2024\/08\/Crown_of_a_Royal_Prince_of_the_Blood_of_France.svg_-624x295.png 624w\" sizes=\"auto, (max-width: 422px) 100vw, 422px\" \/><p id=\"caption-attachment-60776\" class=\"wp-caption-text\"><a href=\"https:\/\/fr.m.wikipedia.org\/wiki\/Fichier:Crown_of_a_Royal_Prince_of_the_Blood_of_France.svg ( couronne d'un prince de sang royal)\"><span style=\"font-size: 12pt;\">https:\/\/fr.m.wikipedia.org\/wiki\/Fichier:Crown_of_a_Royal_Prince_of_the_Blood_of_France.svg ( couronne d&#8217;un prince de sang royal)<\/span><\/a><\/p><\/div>\n<p><span style=\"font-size: 12pt; color: #008000;\"><strong>\u00a0 \u00a0 \u00a0 Tout ce que j&#8217;ai \u00e9crit jusqu&#8217;ici n&#8217;a qu&#8217;un seul but<\/strong>\u00a0: vous faire comprendre que la seule th\u00e9orie, si brillante soit-elle, p\u00e8se moins lourd quand la r\u00e9alit\u00e9 n&#8217;est plus l\u00e0 pour lui donner vie\u00a0:\u00a0<strong>il faut une pratique politique<\/strong>. Car concr\u00e8tement, tr\u00e8s int\u00e9ressant est le potentiels de Fran\u00e7ais qui, sans \u00eatre fonci\u00e8rement Royalistes, seraient cependant pr\u00eat \u00e0 entendre un discours sp\u00e9cifiquement Royaliste, voire LE DISCOURS DU PRINCE lui-m\u00eame. <\/span><\/p>\n<p><span style=\"font-size: 12pt; color: #008000;\">\u00a0 \u00a0 \u00a0 Ceux-l\u00e0 n&#8217;ont jamais milit\u00e9 dans le Royalisme, ils n&#8217;ont pas du sujet une conception id\u00e9ologique pr\u00e9cise, ils y voient l&#8217;int\u00e9r\u00eat Catholique et institutionnel, patriotique et conservateur avant tout. Et un d\u00e9sir de reconqu\u00e8te. C&#8217;est peut-\u00eatre l\u00e0 qu&#8217;il faut chercher.\u00a0\u00a0<\/span><\/p>\n<p><span style=\"font-size: 12pt; color: #008000;\">\u00a0 \u00a0 \u00a0<strong>Mais pour une v\u00e9ritable pratique Royaliste, il faut :\u00a0\u00a0<\/strong><\/span><\/p>\n<p><span style=\"font-size: 12pt; color: #008000;\">\u00a0 \u00a0 \u00a0 &#8211;<em>Il faut prier et agir, agir et prier, toujours \u00e0 la lumi\u00e8re de la plus extra-ordinaire jeune fille que l&#8217;on ait vu sous le Soleil<\/em>\u00a0:\u00a0<strong><em>Sainte Jeanne d&#8217;Arc<\/em><\/strong>\u00a0(Fran\u00e7ois-Marie Algould) !<\/span><\/p>\n<p><span style=\"font-size: 12pt; color: #008000;\">\u00a0 \u00a0 \u00a0 Toujours sous le signe du double-<strong>Coeur de l&#8217;Amour<\/strong>\u00a0surmont\u00e9 de la\u00a0<strong>Croix du Sacrifice<\/strong>, espoir et salut de la France.<\/span><\/p>\n<p><span style=\"font-size: 12pt; color: #008000;\">\u00a0 \u00a0 \u00a0Au travail : <em>Let&#8217;s play<\/em> !\u00a0 (Jouons) <a style=\"color: #008000;\" href=\"https:\/\/www.youtube.com\/watch?v=nwJ_V9kt16Y\">https:\/\/www.youtube.com\/watch?v=nwJ_V9kt16Y<\/a><\/span><\/p>\n<p>&nbsp;<\/p>\n<div id=\"attachment_60775\" style=\"width: 456px\" class=\"wp-caption alignright\"><img loading=\"lazy\" decoding=\"async\" aria-describedby=\"caption-attachment-60775\" class=\"wp-image-60775\" src=\"https:\/\/charte-fontevrault-providentialisme.fr\/wp-content\/uploads\/2024\/08\/Unknown-3.jpeg\" alt=\"\" width=\"446\" height=\"365\" \/><p id=\"caption-attachment-60775\" class=\"wp-caption-text\"><span style=\"font-size: 12pt;\">Herv\u00e9 Volto est le plus \u00e0 droite sur la photo et Antonella Volto, la parmesanne,\u00a0 la plus \u00e0 gauche. Le couple Volto encadre Alain\u00a0 Texier<\/span><\/p><\/div>\n<p><span style=\"font-size: 12pt; color: #ff6600;\">Herv\u00e9 J. VOLTO, Pr\u00e9sident Honoraire de la Charte de Fontevrault (Pr\u00e9sident 1991-1994), membre du Chapitre G\u00e9n\u00e9ral,\u00a0 m\u00e9morialiste\u00a0 et D\u00e9l\u00e9gu\u00e9 Officiel pour l\u2019italie<\/span><\/p>\n","protected":false},"excerpt":{"rendered":"<p>\u00a0 \u00a0 Votre serviteur a voulu \u00e9crire pour nos amis transalpins. Les Royalistes d\u2019un certain \u00e2ge se trouveront confirm\u00e9 dans leur Foi et leur Tradition, les plus jeunes apprendront peut-\u00eatre&#8230; <a href=\"https:\/\/charte-fontevrault-providentialisme.fr\/index.php\/2024\/08\/02\/herve-volto-perpectives-royalistes-pour-le-xxi-siecle-conclusion\/\">Cliquez pour lire davantage &raquo;<\/a><\/p>\n","protected":false},"author":2,"featured_media":0,"comment_status":"open","ping_status":"open","sticky":false,"template":"","format":"standard","meta":{"footnotes":""},"categories":[32659],"tags":[945,9038,34594,32437,33614,21817,29818,30718],"class_list":["post-60738","post","type-post","status-publish","format-standard","hentry","category-analyses-proposees-par-herve-volto-president-de-la-charte-1991-1994","tag-antonella-pigati-volto","tag-herve-volto-cja-h-president-1991-1994-de-la-charte-de-fontevrault","tag-https-www-alternatives-economiques-fr","tag-jeux-olympiques-de-paris-2024","tag-reine-marie-antoinette-de-france-1755-1774-1793","tag-revolution-dite-francaise","tag-video-you-tube","tag-you-tube"],"_links":{"self":[{"href":"https:\/\/charte-fontevrault-providentialisme.fr\/index.php\/wp-json\/wp\/v2\/posts\/60738","targetHints":{"allow":["GET"]}}],"collection":[{"href":"https:\/\/charte-fontevrault-providentialisme.fr\/index.php\/wp-json\/wp\/v2\/posts"}],"about":[{"href":"https:\/\/charte-fontevrault-providentialisme.fr\/index.php\/wp-json\/wp\/v2\/types\/post"}],"author":[{"embeddable":true,"href":"https:\/\/charte-fontevrault-providentialisme.fr\/index.php\/wp-json\/wp\/v2\/users\/2"}],"replies":[{"embeddable":true,"href":"https:\/\/charte-fontevrault-providentialisme.fr\/index.php\/wp-json\/wp\/v2\/comments?post=60738"}],"version-history":[{"count":15,"href":"https:\/\/charte-fontevrault-providentialisme.fr\/index.php\/wp-json\/wp\/v2\/posts\/60738\/revisions"}],"predecessor-version":[{"id":60784,"href":"https:\/\/charte-fontevrault-providentialisme.fr\/index.php\/wp-json\/wp\/v2\/posts\/60738\/revisions\/60784"}],"wp:attachment":[{"href":"https:\/\/charte-fontevrault-providentialisme.fr\/index.php\/wp-json\/wp\/v2\/media?parent=60738"}],"wp:term":[{"taxonomy":"category","embeddable":true,"href":"https:\/\/charte-fontevrault-providentialisme.fr\/index.php\/wp-json\/wp\/v2\/categories?post=60738"},{"taxonomy":"post_tag","embeddable":true,"href":"https:\/\/charte-fontevrault-providentialisme.fr\/index.php\/wp-json\/wp\/v2\/tags?post=60738"}],"curies":[{"name":"wp","href":"https:\/\/api.w.org\/{rel}","templated":true}]}}