{"id":60750,"date":"2024-07-31T10:32:13","date_gmt":"2024-07-31T08:32:13","guid":{"rendered":"https:\/\/charte-fontevrault-providentialisme.fr\/?p=60750"},"modified":"2024-07-31T15:26:20","modified_gmt":"2024-07-31T13:26:20","slug":"les-ducs-danjou-vent-debout-contre-la-ceremonie-douverture-des-jo-a-paris","status":"publish","type":"post","link":"https:\/\/charte-fontevrault-providentialisme.fr\/index.php\/2024\/07\/31\/les-ducs-danjou-vent-debout-contre-la-ceremonie-douverture-des-jo-a-paris\/","title":{"rendered":"Les Ducs d\u2019Anjou vent debout contre la c\u00e9r\u00e9monie d\u2019ouverture des JO \u00e0 Paris du 26 juillet 2024."},"content":{"rendered":"<div class=\"post_title\">\n<h1><img loading=\"lazy\" decoding=\"async\" class=\"alignright size-large wp-image-60755\" src=\"https:\/\/charte-fontevrault-providentialisme.fr\/wp-content\/uploads\/2024\/07\/Capture-decran-2024-07-31-a-10.04.40-1024x573.png\" alt=\"\" width=\"625\" height=\"350\" srcset=\"https:\/\/charte-fontevrault-providentialisme.fr\/wp-content\/uploads\/2024\/07\/Capture-decran-2024-07-31-a-10.04.40-1024x573.png 1024w, https:\/\/charte-fontevrault-providentialisme.fr\/wp-content\/uploads\/2024\/07\/Capture-decran-2024-07-31-a-10.04.40-300x168.png 300w, https:\/\/charte-fontevrault-providentialisme.fr\/wp-content\/uploads\/2024\/07\/Capture-decran-2024-07-31-a-10.04.40-768x430.png 768w, https:\/\/charte-fontevrault-providentialisme.fr\/wp-content\/uploads\/2024\/07\/Capture-decran-2024-07-31-a-10.04.40-624x349.png 624w, https:\/\/charte-fontevrault-providentialisme.fr\/wp-content\/uploads\/2024\/07\/Capture-decran-2024-07-31-a-10.04.40-1320x739.png 1320w, https:\/\/charte-fontevrault-providentialisme.fr\/wp-content\/uploads\/2024\/07\/Capture-decran-2024-07-31-a-10.04.40.png 1408w\" sizes=\"auto, (max-width: 625px) 100vw, 625px\" \/><\/h1>\n<h1><span style=\"font-size: 12pt; color: #ff6600;\">PAR <a style=\"color: #ff6600;\" href=\"https:\/\/www.epochtimes.fr\/author\/ludovic\">Germain de LUPIAC<\/a><\/span><\/h1>\n<\/div>\n<div class=\"date_font\">\n<div class=\"publish\"><span style=\"font-size: 12pt; color: #008000;\">30 juillet 2024 13:21 <span class=\"update\">Mis \u00e0 jour: 31 juillet 2024 05:06<\/span><\/span><\/div>\n<div class=\"share_extra\"><span style=\"font-size: 12pt; color: #ff6600;\"><span id=\"font_up\" class=\"font-bigger\"><a style=\"color: #ff6600;\">\u00a0<\/a><\/span><span id=\"font_down\" class=\"font-smaller\"><a style=\"color: #ff6600;\">\u00a0<\/a><\/span><\/span><\/div>\n<\/div>\n<div class=\"post_content\">\n<p><span style=\"font-size: 12pt; color: #ff6600;\">\u00a0 \u00a0 <strong>\u00a0Les descendants des monarchies royales n\u2019ont pas eu de mots assez forts pour d\u00e9crire la fa\u00e7on dont la France a \u00e9t\u00e9 repr\u00e9sent\u00e9e lors de la c\u00e9r\u00e9monie d\u2019ouverture des Jeux Olympiques, le 26 juillet.<\/strong> De voir la France ainsi rabaiss\u00e9e \u2013 qui f\u00fbt encore il n\u2019y a pas si longtemps la fille a\u00een\u00e9e de l\u2019\u00c9glise, la patrie des lettres, des arts et des bonnes mani\u00e8res, un mod\u00e8le de savoir-vivre et d\u2019\u00e9l\u00e9gance pour le monde entier, a provoqu\u00e9 une d\u00e9flagration pour une partie des t\u00e9l\u00e9spectateurs du monde entier.<\/span><\/p>\n<p><span style=\"font-size: 12pt; color: #ff6600;\">\u00a0 \u00a0 \u00a0 Si la prouesse technique est incontestable et l\u2019organisation de la c\u00e9r\u00e9monie r\u00e9ussie \u00e0 85 % \u2013 selon un sondage du CIO r\u00e9alis\u00e9 sur 1488 personnes, des sc\u00e8nes ont d\u00e9finitivement choqu\u00e9 les t\u00e9l\u00e9spectateurs. Preuve que la concorde n\u2019\u00e9tait pas unanime, la Conf\u00e9rence des \u00e9v\u00eaques de France a d\u00e9plor\u00e9 \u00ab <em>des sc\u00e8nes de d\u00e9rision et de moquerie du christianisme<\/em> \u00bb et plusieurs \u00e9v\u00eaques, dont les \u00e9v\u00eaques de Toulon, Bayonne et N\u00eemes, ont demand\u00e9 la c\u00e9l\u00e9bration de messes de r\u00e9paration suite aux blasph\u00e8mes de la c\u00e9r\u00e9monie d\u2019ouverture.<\/span><\/p>\n<p><span style=\"font-size: 12pt; color: #ff6600;\">\u00a0 \u00a0 \u00a0 \u00a0 Signe de l\u2019\u00e9tendue de son impact \u00e0 l\u2019international, des chr\u00e9tiens d\u2019Irak, fid\u00e8les de Mossoul pers\u00e9cut\u00e9s pour leur foi par l\u2019Iran, ont appel\u00e9 \u00e0 je\u00fbner en r\u00e9action \u00e0 la c\u00e9r\u00e9monie d\u2019ouverture pour \u00ab <em>pardonner cette grande insulte<\/em> \u00bb. Plusieurs personnalit\u00e9s de premier plan en dehors de la sph\u00e8re religieuse, parmi lesquels Trump ou Musk\u00a0 au niveau international, ou Michel Onfray, Jean-Luc M\u00e9lenchon\u00a0<a href=\"https:\/\/www.lexpress.fr\/politique\/melenchon-le-blaspheme-et-la-ceremonie-douverture-des-jo-chronique-dun-zigzag-AXYN54X4AZHVLMJZ6KDAY7PDLI\/\">https:\/\/www.lexpress.fr\/politique\/melenchon-le-blaspheme-et-la-ceremonie-douverture-des-jo-chronique-dun-zigzag-AXYN54X4AZHVLMJZ6KDAY7PDLI\/<\/a> et St\u00e9phane Bern en France, ont aussi critiqu\u00e9 ces sc\u00e8nes dans un \u00e9v\u00e9nement cens\u00e9 rassembler le plus grand monde.<\/span><\/p>\n<p><span style=\"font-size: 12pt; color: #ff6600;\">\u00a0 \u00a0 \u00a0En cause notamment, une sc\u00e8ne montrant une copie presque conforme de la C\u00e8ne \u2013 le dernier repas de J\u00e9sus avec ses ap\u00f4tres, \u00e9pisode fondateur de la civilisation europ\u00e9enne, repr\u00e9sent\u00e9e par des drag queens et par un d\u00e9bordement de d\u00e9bauches mis sous les yeux du monde entier. Quelques minutes plus t\u00f4t, la d\u00e9capitation de la jeune reine Marie-Antoinette, d\u00e9tenue et humili\u00e9e \u00e0 la Conciergerie, \u00e9tait montr\u00e9e comme une sc\u00e8ne de furie joyeuse, baign\u00e9e de flammes et de sang. Puis en voulant \u00e9voquer la richesse culturelle et litt\u00e9raire de la France, de jeunes com\u00e9diens ont mis en sc\u00e8ne un m\u00e9nage \u00e0 trois, apr\u00e8s un passage sur le site Richelieu de la biblioth\u00e8que nationale de France.<\/span><\/p>\n<p><span style=\"font-size: 12pt; color: #ff6600;\">\u00a0 \u00a0 \u00a0 \u00a0 Les Ducs d\u2019Anjou de la Maison de Bourbon et de la Maison d\u2019Orl\u00e9ans sont peut-\u00eatre ceux qui en parlent le mieux, garants d\u2019une \u00e9poque o\u00f9 la France repr\u00e9sentait l\u2019esprit de la mesure, l\u2019art de la cordialit\u00e9 et du bon go\u00fbt.<\/span><\/p>\n<div>\n<div>\n<div id=\"ad_article_inside_336_1\"><\/div>\n<\/div>\n<\/div>\n<p><span style=\"font-size: 12pt; color: #008000;\"><b>\u00ab\u00a0Des sc\u00e8nes volontairement offensantes et provocantes\u00a0\u00bb, selon Louis de Bourbon\u00a0<\/b><\/span><\/p>\n<p><span style=\"font-size: 12pt; color: #008000;\">Leurs interventions sont si rares qu\u2019il faut y pr\u00eater attention. Pour l\u2019a\u00een\u00e9 de la Maison de Bourbon, descendant direct de Louis XIV,<em> \u00ab\u00a0la c\u00e9r\u00e9monie d\u2019ouverture des Jeux olympiques de Paris a d\u00e9vi\u00e9 de ses principes fondateurs et de son \u00e9l\u00e9vation traditionnelle, en raillant une partie de l\u2019h\u00e9ritage s\u00e9culaire de la France\u00a0\u00bb<\/em>, a-t-il <a style=\"color: #008000;\" href=\"https:\/\/www.lejdd.fr\/societe\/louis-de-bourbon-la-ceremonie-douverture-des-jo-un-spectacle-denature-148015\" target=\"_blank\" rel=\"noopener\">confi\u00e9 au <em>JDD<\/em><\/a>.<\/span><\/p>\n<p><span style=\"font-size: 12pt; color: #008000;\">\u00a0 \u00a0 \u00a0 Souhaitant que ces Jeux olympiques de Paris soient un \u00ab moment de communion pour tous \u00bb <em>et qu\u2019ils permettent de \u00ab sortir quelques instants des soucis quotidiens<\/em> \u00bb, le Duc d\u2019Anjou Louis de Bourbon a d\u00e9clar\u00e9 cependant ne pas pouvoir \u00ab <em>rester muet face au d\u00e9solant spectacle d\u2019une partie de la c\u00e9r\u00e9monie d\u2019ouverture<\/em>. \u00bb\u00a0 Selon lui, alors que \u00ab <em>les performances artistiques et techniques \u00e9taient \u00e0 la hauteur de ce qu\u2019est la France, certains se sont plu \u00e0 distiller un contenu id\u00e9ologique mortif\u00e8re et abject<\/em>. \u00bb<\/span><\/p>\n<p><span style=\"font-size: 12pt; color: #008000;\">\u00a0 \u00a0 \u00a0 \u00a0Selon le descendant de Louis XIV, la c\u00e9r\u00e9monie d\u2019ouverture s\u2019est \u00e9loign\u00e9e du projet initial des Jeux olympiques qui est de rassembler et d\u2019unir les peuples, en mettant en avant des sc\u00e8nes volontairement offensantes et provocantes. \u00ab <em>Une fois de plus, le r\u00e9gime actuel a montr\u00e9 son vrai visage, profond\u00e9ment antichr\u00e9tien, oublieux du long pass\u00e9 de la France dont la monarchie chr\u00e9tienne fait partie, et d\u00e9sireux de mettre au pinacle des \u00e9poques troubles o\u00f9 ne r\u00e9gnaient que la terreur et la division<\/em> \u00bb, a-t-il d\u00e9clar\u00e9.<\/span><\/p>\n<p><span style=\"font-size: 12pt; color: #008000;\">\u00a0 \u00a0 \u00a0 Selon Louis de Bourbon, avant d\u2019\u00eatre <em>\u00ab la m\u00e8re des r\u00e9volutions et du progressisme d\u00e9vergond\u00e9, la France fut la fille a\u00een\u00e9e de l\u2019\u00c9glise ainsi que la patrie des Lettres, des Arts et du raffinement \u00bb<\/em>, a-t-il fait remarquer, assurant que la France n\u2019est pas \u00e0 l\u2019image du spectacle qui a \u00e9t\u00e9 donn\u00e9.<\/span><\/p>\n<p><span style=\"font-size: 12pt; color: #008000;\"><b>\u00ab\u00a0J\u2019ai failli pleurer de honte\u00a0\u00bb, a d\u00e9clar\u00e9 le prince Charles-Philippe d\u2019Orl\u00e9ans<\/b><\/span><\/p>\n<div>\n<div>\n<div id=\"in_article_ads_0\"><\/div>\n<\/div>\n<\/div>\n<p><span style=\"font-size: 12pt; color: #008000;\">\u00a0 \u00a0 \u00a0 Le prince Charles-Philippe d\u2019Orl\u00e9ans, cousin du comte de Paris, descendant du roi Louis-Philippe Ier, n\u2019a pas eu de mots assez forts pour d\u00e9crire la c\u00e9r\u00e9monie d\u2019ouverture des JO qu\u2019il a jug\u00e9 honteuse pour l\u2019image de notre pays. <em>\u00ab\u00a0La c\u00e9r\u00e9monie d\u2019ouverture des Jeux olympiques est cens\u00e9e rassembler les peuples autour de valeurs de paix, de fraternit\u00e9 et d\u2019amiti\u00e9, et non de rappeler des moments historiques de division et de cruaut\u00e9\u00a0\u00bb a d\u00e9clar\u00e9 le duc d\u2019Anjou de la Maison d\u2019Orl\u00e9ans au <a style=\"color: #008000;\" href=\"https:\/\/www.lepoint.fr\/people\/ceremonie-des-jo-le-duc-d-anjou-pleure-de-honte-pour-la-france-29-07-2024-2566673_2116.php#xtmc=anjou&amp;xtnp=1&amp;xtcr=2\" target=\"_blank\" rel=\"noopener\">Point<\/a>. \u00ab\u00a0J\u2019ai failli pleurer, mais de honte pour notre belle France et de tristesse pour ce rendez-vous manqu\u00e9.<\/em>\u00a0\u00bb<\/span><\/p>\n<p><span style=\"font-size: 12pt; color: #008000;\">\u00a0 \u00a0 \u00a0En voyant une parodie de la C\u00e8ne de L\u00e9onard de Vinci avec des drag-queens, le prince a d\u00e9nonc\u00e9 une provocation \u00ab<em>\u202foffensante et blasph\u00e9matoire<\/em>\u202f\u00bb pour les chr\u00e9tiens du monde entier, en inad\u00e9quation, selon lui, avec l\u2019esprit des Jeux olympiques.<\/span><\/p>\n<p><span style=\"font-size: 12pt; color: #008000;\">\u00a0 \u00a0 \u00a0 \u00a0Ce qui est scandaleux et inappropri\u00e9 selon le duc est que cette c\u00e9r\u00e9monie s\u2019est d\u00e9roul\u00e9e sous les yeux de nombre de monarques invit\u00e9s dans les tribunes officielles \u2013 dont certains, comme le roi d\u2019Espagne, ont pass\u00e9 la soir\u00e9e sous la pluie \u2013 marquant un irrespect et une faute diplomatique vis-\u00e0-vis de ces grandes familles royales europ\u00e9ennes.<\/span><\/p>\n<p><span style=\"font-size: 12pt;\"><a href=\"https:\/\/www.epochtimes.fr\/les-ducs-danjou-vent-debout-contre-la-ceremonie-douverture-des-jo-2687835.html\">https:\/\/www.epochtimes.fr\/les-ducs-danjou-vent-debout-contre-la-ceremonie-douverture-des-jo-2687835.html<\/a><\/span><\/p>\n<\/div>\n","protected":false},"excerpt":{"rendered":"<p>PAR Germain de LUPIAC 30 juillet 2024 13:21 Mis \u00e0 jour: 31 juillet 2024 05:06 \u00a0\u00a0 \u00a0 \u00a0 \u00a0Les descendants des monarchies royales n\u2019ont pas eu de mots assez forts&#8230; <a href=\"https:\/\/charte-fontevrault-providentialisme.fr\/index.php\/2024\/07\/31\/les-ducs-danjou-vent-debout-contre-la-ceremonie-douverture-des-jo-a-paris\/\">Cliquez pour lire davantage &raquo;<\/a><\/p>\n","protected":false},"author":2,"featured_media":0,"comment_status":"open","ping_status":"open","sticky":false,"template":"","format":"standard","meta":{"footnotes":""},"categories":[30912,21],"tags":[34583,34585,31457,34590,1772,5790,34586,34589,34588,34584,34587,33972,33229,22870,32121],"class_list":["post-60750","post","type-post","status-publish","format-standard","hentry","category-action-catholique","category-limites-de-la-republique","tag-cene-eucharistie","tag-cene-leonard-de-vinci","tag-charles-philippe-dorleans-1973","tag-cio-comite-international-olympique","tag-blog-du-conseil-dans-lesperance-du-roi","tag-duc-danjou-bourbon-ne-le-25-avril-1974","tag-ducs-danjou","tag-fr-jean-thomas-de-beauregzrd","tag-germain-de-lupiac","tag-https-www-epochtimes-fr-l","tag-https-www-lexpress-fr-p","tag-jo-paris-2024","tag-leonard-de-vinci-1452-1519","tag-roi-de-france-et-de-navarre-louis-xiv-dit-le-grand-1638-1715","tag-roi-des-francais-louis-philippe-ier-1773-1830-1850"],"_links":{"self":[{"href":"https:\/\/charte-fontevrault-providentialisme.fr\/index.php\/wp-json\/wp\/v2\/posts\/60750","targetHints":{"allow":["GET"]}}],"collection":[{"href":"https:\/\/charte-fontevrault-providentialisme.fr\/index.php\/wp-json\/wp\/v2\/posts"}],"about":[{"href":"https:\/\/charte-fontevrault-providentialisme.fr\/index.php\/wp-json\/wp\/v2\/types\/post"}],"author":[{"embeddable":true,"href":"https:\/\/charte-fontevrault-providentialisme.fr\/index.php\/wp-json\/wp\/v2\/users\/2"}],"replies":[{"embeddable":true,"href":"https:\/\/charte-fontevrault-providentialisme.fr\/index.php\/wp-json\/wp\/v2\/comments?post=60750"}],"version-history":[{"count":7,"href":"https:\/\/charte-fontevrault-providentialisme.fr\/index.php\/wp-json\/wp\/v2\/posts\/60750\/revisions"}],"predecessor-version":[{"id":60759,"href":"https:\/\/charte-fontevrault-providentialisme.fr\/index.php\/wp-json\/wp\/v2\/posts\/60750\/revisions\/60759"}],"wp:attachment":[{"href":"https:\/\/charte-fontevrault-providentialisme.fr\/index.php\/wp-json\/wp\/v2\/media?parent=60750"}],"wp:term":[{"taxonomy":"category","embeddable":true,"href":"https:\/\/charte-fontevrault-providentialisme.fr\/index.php\/wp-json\/wp\/v2\/categories?post=60750"},{"taxonomy":"post_tag","embeddable":true,"href":"https:\/\/charte-fontevrault-providentialisme.fr\/index.php\/wp-json\/wp\/v2\/tags?post=60750"}],"curies":[{"name":"wp","href":"https:\/\/api.w.org\/{rel}","templated":true}]}}