{"id":60761,"date":"2024-08-01T15:00:07","date_gmt":"2024-08-01T13:00:07","guid":{"rendered":"https:\/\/charte-fontevrault-providentialisme.fr\/?p=60761"},"modified":"2024-07-31T21:46:12","modified_gmt":"2024-07-31T19:46:12","slug":"des-profondeurs-de-la-nuit-surgit-le-bateau-manquant-a-la-parade-olympique-du-26-juillet2024-avec-a-bord-les-celebrites-qui-ont-fait-la-france","status":"publish","type":"post","link":"https:\/\/charte-fontevrault-providentialisme.fr\/index.php\/2024\/08\/01\/des-profondeurs-de-la-nuit-surgit-le-bateau-manquant-a-la-parade-olympique-du-26-juillet2024-avec-a-bord-les-celebrites-qui-ont-fait-la-france\/","title":{"rendered":"Des profondeurs de la nuit surgit le  b\u00e2teau manquant \u00e0 la parade olympique du 26 juillet2024 avec \u00e0  bord les c\u00e9l\u00e9brit\u00e9s qui ont fait la France eternelle."},"content":{"rendered":"<div>\n<h2 class=\"Heading_heading__PlVsb\">Des profondeurs de la nuit<\/h2>\n<\/div>\n<div>\n<div>\n<p><span style=\"font-size: 12pt; color: #008000;\">L\u2019histoire est vraie, une embarcation est partie de Bercy dans les profondeurs de la nuit, sans musique ni lampions, dans un silence parfait. C\u2019\u00e9tait une nef du Moyen-\u00c2ge ou un vapeur du<\/span> <span style=\"font-size: 12pt; color: #008000;\">XIXe, on ne saura pas. Sont d\u2019abord mont\u00e9s \u00e0 bord les botanistes du jardin des plantes Magniol, Olivier de Serres, les savants et m\u00e9decins Ambroise Par\u00e9, Jussieu et Pasteur puis les musiciens arriv\u00e9s de l\u2019op\u00e9ra\u00a0: Lulli, Rameau, Chausson, Berlioz, Debussy et Ravel accompagn\u00e9s de ma\u00eetres de danse.<\/span><\/p>\n<\/div>\n<\/div>\n<div>\n<div>\n<p><span style=\"font-size: 12pt; color: #008000;\">\u00a0 \u00a0 \u00a0Arriv\u00e9s au pont de la Tournelle, <a style=\"color: #008000;\" title=\"\" href=\"https:\/\/fr.aleteia.org\/2020\/01\/13\/sainte-genevieve-une-femme-providentielle\" target=\"_blank\" rel=\"noopener\">sainte Genevi\u00e8ve<\/a> et l\u2019enfant Paris plong\u00e8rent dans la Seine du haut du pi\u00e9destal \u2014 olympisme oblige \u2014 pour rejoindre le bateau d\u2019o\u00f9 elle appela les femmes de France, Marie Curie, George Sand, la comtesse de S\u00e9gur et Madame de S\u00e9vign\u00e9, Madame Vig\u00e9e-Lebrun, Coco Chanel, Sarah Bernhardt et <a style=\"color: #008000;\" title=\"\" href=\"https:\/\/fr.aleteia.org\/2020\/05\/30\/jeanne-darc-nous-montre-comment-reprendre-notre-destin-en-main\" target=\"_blank\" rel=\"noopener\">Jeanne d\u2019Arc<\/a> bien s\u00fbr qui r\u00e9veilla son cheval place des Pyramides et rejoignit au galop les bords du fleuve. Louis XIV, pris dans l\u2019\u00e9lan, motiva lui aussi son cheval du Louvre pour sauter dans le cort\u00e8ge fluvial. Quai de Conti, les acad\u00e9miciens et \u00e9crivains, dramaturges embarqu\u00e8rent, <a style=\"color: #008000;\" title=\"\" href=\"https:\/\/fr.aleteia.org\/2022\/09\/21\/moliere-sans-amalgames-anticlericaux\" target=\"_blank\" rel=\"noopener\">Moli\u00e8re<\/a>, <a style=\"color: #008000;\" title=\"\" href=\"https:\/\/fr.aleteia.org\/2021\/07\/01\/la-foi-de-jean-de-la-fontaine\" target=\"_blank\" rel=\"noopener\">La Fontaine<\/a>, Racine, La Bruy\u00e8re emperruqu\u00e9s, Voltaire, Chateaubriand, Balzac, Dumas, Stendhal puis <a style=\"color: #008000;\" title=\"\" href=\"https:\/\/fr.aleteia.org\/2018\/02\/20\/georges-bernanos-face-a-la-fragilite-de-la-foi\" target=\"_blank\" rel=\"noopener\">Bernanos<\/a>, <a style=\"color: #008000;\" title=\"\" href=\"https:\/\/fr.aleteia.org\/2023\/01\/09\/charles-peguy-le-consolateur\" target=\"_blank\" rel=\"noopener\">P\u00e9guy<\/a> et Apollinaire en uniforme bleu horizon, <a style=\"color: #008000;\" title=\"\" href=\"https:\/\/fr.aleteia.org\/2021\/09\/01\/une-lecon-de-jeunesse-du-vieux-claudel\" target=\"_blank\" rel=\"noopener\">Claudel<\/a>, d\u2019Ormesson en grande tenue verte\u00a0: toutes ces grandes plumes qui ont laiss\u00e9 les pages immortelles de la litt\u00e9rature \u00e9ternelle.<\/span><\/p>\n<\/div>\n<\/div>\n<div>\n<h2 class=\"Heading_heading__PlVsb\"><span style=\"font-size: 12pt; color: #008000;\">Au tour du Louvre et de la Sorbonne<\/span><\/h2>\n<\/div>\n<div>\n<div>\n<p><span style=\"font-size: 12pt; color: #008000;\">\u00a0 \u00a0 Ce fut au tour du Louvre de remplir l\u2019embarcation des peintres et sculpteurs, Puget et Girardon, Poussin et Claude Lorrain, Watteau, Fragonard, G\u00e9ricault, et C\u00e9zanne, Matisse venus eux de la gare d\u2019Orsay. De la Sorbonne et du quartier latin vinrent <a style=\"color: #008000;\" title=\"\" href=\"https:\/\/fr.aleteia.org\/2024\/03\/06\/750-ans-apres-sa-mort-tout-ce-que-saint-thomas-daquin-nous-laisse-en-heritage\" target=\"_blank\" rel=\"noopener\">Thomas d\u2019Aquin<\/a>, <a style=\"color: #008000;\" title=\"\" href=\"https:\/\/fr.aleteia.org\/2023\/03\/13\/pascal-un-genie-pas-si-effrayant\" target=\"_blank\" rel=\"noopener\">Pascal<\/a>, Montaigne, Richelieu et Huysmans. Cette incroyable foule de passagers des si\u00e8cles accosta au Trocad\u00e9ro dont le nom \u00e9voque l\u2019exploit du corps exp\u00e9ditionnaire fran\u00e7ais pour r\u00e9tablir le roi Ferdinand VII d\u2019Espagne. De l\u2019\u00c9cole militaire, les grands capitaines des batailles pour la France se joignirent au cort\u00e8ge. L\u2019on vit du Guesclin et Bayard, d\u2019Artagnan, Turenne, Murat, Lyautey, Joffre traversant la Seine rejoints par Foch qui n\u2019avait pas beaucoup de chemin \u00e0 faire<\/span><\/p>\n<p><span style=\"font-style: italic; font-size: 1rem;\"><span style=\"font-size: 12pt; color: #008000;\">\u00a0 \u00a0Que de personnalit\u00e9s, d\u2019\u00e9nergie et de pers\u00e9v\u00e9rance, que de talents qui illustr\u00e8rent la Franc<\/span>e.<\/span><\/p>\n<\/div>\n<\/div>\n<p><a tabindex=\"9999\" href=\"https:\/\/fr.aleteia.org\/2024\/07\/29\/paris-2024-le-bateau-oublie-de-louverture-des-jo?utm_medium=email&amp;utm_source=sendgrid&amp;utm_campaign=EM-FR-Newsletter-Daily-&amp;utm_content=Newsletter&amp;utm_term=20240731\" target=\"_blank\" rel=\"noopener\">https:\/\/fr.aleteia.org\/2024\/07\/29\/paris-2024-le-bateau-oublie-de-louverture-des-jo?utm_medium=email&amp;utm_source=sendgrid&amp;utm_campaign=EM-FR-Newsletter-Daily-&amp;utm_content=Newsletter&amp;utm_term=20240731<\/a><\/p>\n<p><strong><span style=\"color: #ff6600;\">Alain TEXIER <\/span><\/strong><\/p>\n","protected":false},"excerpt":{"rendered":"<p>Des profondeurs de la nuit L\u2019histoire est vraie, une embarcation est partie de Bercy dans les profondeurs de la nuit, sans musique ni lampions, dans un silence parfait. C\u2019\u00e9tait une&#8230; <a href=\"https:\/\/charte-fontevrault-providentialisme.fr\/index.php\/2024\/08\/01\/des-profondeurs-de-la-nuit-surgit-le-bateau-manquant-a-la-parade-olympique-du-26-juillet2024-avec-a-bord-les-celebrites-qui-ont-fait-la-france\/\">Cliquez pour lire davantage &raquo;<\/a><\/p>\n","protected":false},"author":2,"featured_media":0,"comment_status":"open","ping_status":"open","sticky":false,"template":"","format":"standard","meta":{"footnotes":""},"categories":[26],"tags":[34591,10468,32437],"class_list":["post-60761","post","type-post","status-publish","format-standard","hentry","category-societe-traditionnelle","tag-celebrites-francaises","tag-https-fr-aleteia-org","tag-jeux-olympiques-de-paris-2024"],"_links":{"self":[{"href":"https:\/\/charte-fontevrault-providentialisme.fr\/index.php\/wp-json\/wp\/v2\/posts\/60761","targetHints":{"allow":["GET"]}}],"collection":[{"href":"https:\/\/charte-fontevrault-providentialisme.fr\/index.php\/wp-json\/wp\/v2\/posts"}],"about":[{"href":"https:\/\/charte-fontevrault-providentialisme.fr\/index.php\/wp-json\/wp\/v2\/types\/post"}],"author":[{"embeddable":true,"href":"https:\/\/charte-fontevrault-providentialisme.fr\/index.php\/wp-json\/wp\/v2\/users\/2"}],"replies":[{"embeddable":true,"href":"https:\/\/charte-fontevrault-providentialisme.fr\/index.php\/wp-json\/wp\/v2\/comments?post=60761"}],"version-history":[{"count":4,"href":"https:\/\/charte-fontevrault-providentialisme.fr\/index.php\/wp-json\/wp\/v2\/posts\/60761\/revisions"}],"predecessor-version":[{"id":60765,"href":"https:\/\/charte-fontevrault-providentialisme.fr\/index.php\/wp-json\/wp\/v2\/posts\/60761\/revisions\/60765"}],"wp:attachment":[{"href":"https:\/\/charte-fontevrault-providentialisme.fr\/index.php\/wp-json\/wp\/v2\/media?parent=60761"}],"wp:term":[{"taxonomy":"category","embeddable":true,"href":"https:\/\/charte-fontevrault-providentialisme.fr\/index.php\/wp-json\/wp\/v2\/categories?post=60761"},{"taxonomy":"post_tag","embeddable":true,"href":"https:\/\/charte-fontevrault-providentialisme.fr\/index.php\/wp-json\/wp\/v2\/tags?post=60761"}],"curies":[{"name":"wp","href":"https:\/\/api.w.org\/{rel}","templated":true}]}}