{"id":60766,"date":"2024-08-01T10:32:33","date_gmt":"2024-08-01T08:32:33","guid":{"rendered":"https:\/\/charte-fontevrault-providentialisme.fr\/?p=60766"},"modified":"2024-08-01T10:13:11","modified_gmt":"2024-08-01T08:13:11","slug":"jeux-olympiques-de-paris-2024-cercle-legitimiste-louis-xvii-duc-de-normandie","status":"publish","type":"post","link":"https:\/\/charte-fontevrault-providentialisme.fr\/index.php\/2024\/08\/01\/jeux-olympiques-de-paris-2024-cercle-legitimiste-louis-xvii-duc-de-normandie\/","title":{"rendered":"Jeux olympiques de Paris  2024. Protestation du Cercle L\u00e9gitimiste Louis XVII Duc de Normandie,"},"content":{"rendered":"<p><span style=\"font-size: 12pt;\"><span style=\"color: #800080;\">\u00a0 \u00a0 \u00a0J&#8217;ai vu les commentaires hautement justifi\u00e9s des princes concernant cette ignominie ; c&#8217;est pourquoi je vous demande d&#8217;ajouter le commentaire ci-joint \u00e9manant du responsable du Cercle L\u00e9gitimiste Louis XVII Duc de Normandie, association dont je suis memb<\/span>re.<\/span><\/p>\n<p><span style=\"color: #ff6600; font-size: 12pt;\">Ir\u00e9ne Pincemaille\u00a0 Gouverneur\u00a0 2006-2009 de la Charte de\u00a0 Fontevrault..-Fidelit\u00e9-Unit\u00e9 royale.<\/span><\/p>\n<p><span style=\"font-size: 12pt; color: #008000;\"><strong>COMMUNIQU\u00c9 DU CHANCELIER<\/strong><\/span><\/p>\n<p><span style=\"font-size: 12pt; color: #008000;\">\u00a0 \u00a0 \u00a0 \u00a0 \u00a0\u00c0 ma connaissance, c&#8217;est la premi\u00e8re fois qu&#8217;une c\u00e9r\u00e9monie d&#8217;ouverture de Jeux Olympiques met en avant une sc\u00e8ne sanguinaire dans laquelle est brandie la t\u00eate tranch\u00e9e d&#8217;une femme ! Et quelle femme ! S.M. Marie-Antoinette, la derni\u00e8re Reine l\u00e9gitime de France, une Reine et une M\u00e8re !<\/span><br \/>\n<span style=\"font-size: 12pt;\"><span style=\"color: #008000;\">Mais o\u00f9 sommes-nous ? En une France qui imite Daesh ?<\/span><span style=\"color: #008000;\">\u00a0 \u00a0 \u00a0 \u00a0 \u00a0 \u00a0 \u00a0 \u00a0 \u00a0 \u00a0 \u00a0 \u00a0 \u00a0 \u00a0 \u00a0 \u00a0 \u00a0 \u00a0 \u00a0 \u00a0 \u00a0 \u00a0 \u00a0 \u00a0 \u00a0 \u00a0 \u00a0 \u00a0 \u00a0 \u00a0 \u00a0 \u00a0 \u00a0 \u00a0 \u00a0 \u00a0 \u00a0 \u00a0 \u00a0 \u00a0 \u00a0 \u00a0 \u00a0 \u00a0 \u00a0 \u00a0 \u00a0 \u00a0 \u00a0 \u00a0 \u00a0 \u00a0 \u00a0 \u00a0 \u00a0*<\/span><\/span><br \/>\n<span style=\"font-size: 12pt; color: #008000;\">\u00a0 \u00a0 \u00a0Consid\u00e9rons \u00e0 pr\u00e9sent un blasph\u00e8me, pour nous chr\u00e9tiens, mais aussi une insulte envers un \u00ab Personnage \u00bb (pour les non chr\u00e9tiens) qui a, cependant, marqu\u00e9 notre civilisation et dont le renom, qu\u2019on le veuille ou non, est plan\u00e9taire et qui m\u00e9rite le respect : la C\u00e8ne christique \u2013 fait tragique se d\u00e9roulant le jeudi, \u00e0 la veille du supplice &#8211; avec les drag-queens et un nabot qui mime la Nativit\u00e9\u2026<\/span><\/p>\n<p><span style=\"font-size: 12pt; color: #008000;\">\u00a0 \u00a0 \u00a0 La salet\u00e9, la d\u00e9g\u00e9n\u00e9rescence et la perversion sexuelle sont d\u00e9sormais consid\u00e9r\u00e9es comme une c\u00e9l\u00e9bration de l\u2019Occident.<\/span><br \/>\n<span style=\"font-size: 12pt; color: #008000;\">\u00a0 \u00a0 \u00a0 \u00c0 moins que nous n\u2019\u00e9levions notre voix pour nous opposer farouchement \u00e0 cette infamie, notre Civilisation, quasi expirante d\u00e9j\u00e0, cessera d\u2019exister.<\/span><\/p>\n<p><span style=\"font-size: 12pt; color: #008000;\">\u00a0 \u00a0 \u00a0 \u00a0Ce que nous avons vu \u00e0 Paris n\u2019\u00e9tait pas une repr\u00e9sentation de la France, ni de la foi Chr\u00e9tienne qui a construit l\u2019Europe, ni des valeurs morales occidentales.<\/span><br \/>\n<span style=\"font-size: 12pt; color: #008000;\">Ce fut un rappel que les \u00ab mondialistes sataniques \u00bb qui, en raison de leur position privil\u00e9gi\u00e9e, profitent pour r\u00e9pandre la bible satanique (wokisme\u00a0 ( *) d\u00e9moniaque)\u00a0 pour avilir la foi Chr\u00e9tienne. \u00ab Ils \u00bb gouvernent le monde et qui continueront d\u2019agir dans cette id\u00e9ologie des Enfers jusqu\u2019\u00e0 ce que la force et le courage \u00e9clatent \u00e0 leur face atterr\u00e9e ! Oui, \u00ab atterr\u00e9e \u00bb parce qu\u2019 \u00ab ils \u00bb nous consid\u00e8rent comme un troupeau d\u2019imb\u00e9ciles, d\u00e9pourvus de jugement, qui ne per\u00e7oit par leur cirque infernal.<\/span><\/p>\n<p><span style=\"font-size: 12pt; color: #008000;\">\u00a0 \u00a0 \u00a0 \u00a0Cette c\u00e9r\u00e9monie r\u00e9v\u00e8le la d\u00e9g\u00e9n\u00e9rescence et\u00a0 la pourriture de notre culture que les Fran\u00e7ais connaissent. Elle est aussi la signature de l&#8217;acte suicidaire de notre pays devant le monde entier. La pr\u00e9tendue C\u00e9line Dion chantant \u00ab Le Titanic \u00bb ! Quelle perspicacit\u00e9 ! Nous y sommes, il est vrai, mais \u00ab ils \u00bb ne se cachent m\u00eame plus pour nous montrer le fruit de leurs exactions.<\/span><\/p>\n<p><span style=\"font-size: 12pt; color: #008000;\">\u00a0 \u00a0 \u00a0Tous les pays du monde ont r\u00e9agi avec vigueur et on per\u00e7u l\u2019insulte de l\u2019\u00e9thique et des croyances de peuples, en particulier les chr\u00e9tiens.<\/span><\/p>\n<p><span style=\"font-size: 12pt; color: #008000;\">\u00a0 \u00a0 \u00a0Nous, Monarchistes L\u00e9gitimistes, voulons retrouver la France, juste la France : n\u2019est-elle pas d\u00e9j\u00e0 assez diverse, plurielle, riche, vari\u00e9e, complexe et belle pour plaire \u00e0 tous ?<\/span><\/p>\n<p><span style=\"font-size: 12pt; color: #008000;\">\u00a0 \u00a0 \u00a0 Pour finir, je veux rendre ici \u00e0 S.M. Marie-Antoinette, Reine de France, l&#8217;hommage que la R\u00e9publique, hier, lui a d\u00e9ni\u00e9 par la sinistre pr\u00e9sentation de sa t\u00eate quelle avait tranch\u00e9e un sinistre jour d\u2019octobre 1793 ! Nous n\u2019avons pas oubli\u00e9 ! Le peuple de France, en son ensemble, n\u2019a pas oubli\u00e9 !<\/span><\/p>\n<p><span style=\"font-size: 12pt; color: #008000;\">\u00a0 \u00a0 \u00a0 \u00a0Le Cercle L\u00e9gitimiste Louis XVII Duc de Normandie &#8211;\u00a0 La Fondation de Bourbon, La Chancellerie de S.A.R. le Prince Michel-Henri de Bourbon, Duc de Normandie, descendant direct du dernier Roi ayant r\u00e9gn\u00e9 en France, Louis XVI et les tous partisans de la L\u00e9gitimit\u00e9 rendent ici \u00e0 la Reine Marie Antoinette sa dignit\u00e9 et son humanit\u00e9 en priant pour son \u00e2me.<\/span><\/p>\n<p><span style=\"font-size: 12pt; color: #008000;\">\u00a0 \u00a0 \u00a0La Chancellerie fait c\u00e9l\u00e9brer ce dimanche 28 juillet\u00a0 ( NDLRB. 2024)\u00a0 plusieurs Saintes messes \u00e0 son intention.<\/span><\/p>\n<p><span style=\"font-size: 12pt; color: #008000;\">\u00a0 \u00a0 Que Marie-Antoinette veille, avec son Auguste \u00c9poux, sur la France\u2026<\/span><br \/>\n<span style=\"font-size: 12pt; color: #008000;\">Pauvre France !.. Qu\u2019ont-ils fait de ton Bapt\u00eame ?!&#8230;<\/span><\/p>\n<p><span style=\"font-size: 12pt; color: #008000;\">Vive la France !<\/span><br \/>\n<span style=\"font-size: 12pt; color: #008000;\">Vive le Roi !<\/span><br \/>\n<span style=\"font-size: 12pt; color: #008000;\">Vive Henri VII !<\/span><\/p>\n<ul>\n<li><span style=\"color: #008000;\">Le \u00ab wokisme \u00bb est le nom donn\u00e9 au mouvement \u00ab woke \u00bb qui signifie \u00ab \u00e9veill\u00e9 \u00bb en fran\u00e7ais. Le principe est de \u00ab rester \u00e9veill\u00e9 \u00bb. Autrement dit, il faut avoir conscience des in\u00e9galit\u00e9s sociales et de racisme. Le \u00ab woke \u00bb est donc celui qui est \u00e9veill\u00e9 \u00e0 cette r\u00e9alit\u00e9 n\u00e9faste et qui se donne pour mission de conscientiser les autres<\/span>.\u00a0 \u00a0 \u00a0 \u00a0 \u00a0 \u00a0 \u00a0 \u00a0 \u00a0 \u00a0 \u00a0 \u00a0 <a href=\"https:\/\/www.lejdd.fr\/Societe\/cest-quoi-le-wokisme-4066399\">\u00a0https:\/\/www.lejdd.fr\/Societe\/cest-quoi-le-wokisme-4066399<\/a><\/li>\n<\/ul>\n","protected":false},"excerpt":{"rendered":"<p>\u00a0 \u00a0 \u00a0J&#8217;ai vu les commentaires hautement justifi\u00e9s des princes concernant cette ignominie ; c&#8217;est pourquoi je vous demande d&#8217;ajouter le commentaire ci-joint \u00e9manant du responsable du Cercle L\u00e9gitimiste Louis&#8230; <a href=\"https:\/\/charte-fontevrault-providentialisme.fr\/index.php\/2024\/08\/01\/jeux-olympiques-de-paris-2024-cercle-legitimiste-louis-xvii-duc-de-normandie\/\">Cliquez pour lire davantage &raquo;<\/a><\/p>\n","protected":false},"author":2,"featured_media":0,"comment_status":"open","ping_status":"open","sticky":false,"template":"","format":"standard","meta":{"footnotes":""},"categories":[2],"tags":[34593,34592,33345,11211,32437,33614,23171,31942],"class_list":["post-60766","post","type-post","status-publish","format-standard","hentry","category-action-legitimiste","tag-cercle-legitimiste-louis-xvii-duc-de-normandie","tag-daesch","tag-gouverneur-de-la-charte-de-fontevrault-irene-pincemaille-2006-2009-cja-h","tag-https-www-lejdd-fr","tag-jeux-olympiques-de-paris-2024","tag-reine-marie-antoinette-de-france-1755-1774-1793","tag-roi-louis-xvi-de-france-et-de-navarre-dit-le-bienfaisant-1754-1793","tag-wokisme"],"_links":{"self":[{"href":"https:\/\/charte-fontevrault-providentialisme.fr\/index.php\/wp-json\/wp\/v2\/posts\/60766","targetHints":{"allow":["GET"]}}],"collection":[{"href":"https:\/\/charte-fontevrault-providentialisme.fr\/index.php\/wp-json\/wp\/v2\/posts"}],"about":[{"href":"https:\/\/charte-fontevrault-providentialisme.fr\/index.php\/wp-json\/wp\/v2\/types\/post"}],"author":[{"embeddable":true,"href":"https:\/\/charte-fontevrault-providentialisme.fr\/index.php\/wp-json\/wp\/v2\/users\/2"}],"replies":[{"embeddable":true,"href":"https:\/\/charte-fontevrault-providentialisme.fr\/index.php\/wp-json\/wp\/v2\/comments?post=60766"}],"version-history":[{"count":5,"href":"https:\/\/charte-fontevrault-providentialisme.fr\/index.php\/wp-json\/wp\/v2\/posts\/60766\/revisions"}],"predecessor-version":[{"id":60771,"href":"https:\/\/charte-fontevrault-providentialisme.fr\/index.php\/wp-json\/wp\/v2\/posts\/60766\/revisions\/60771"}],"wp:attachment":[{"href":"https:\/\/charte-fontevrault-providentialisme.fr\/index.php\/wp-json\/wp\/v2\/media?parent=60766"}],"wp:term":[{"taxonomy":"category","embeddable":true,"href":"https:\/\/charte-fontevrault-providentialisme.fr\/index.php\/wp-json\/wp\/v2\/categories?post=60766"},{"taxonomy":"post_tag","embeddable":true,"href":"https:\/\/charte-fontevrault-providentialisme.fr\/index.php\/wp-json\/wp\/v2\/tags?post=60766"}],"curies":[{"name":"wp","href":"https:\/\/api.w.org\/{rel}","templated":true}]}}