{"id":61227,"date":"2024-08-27T10:32:20","date_gmt":"2024-08-27T08:32:20","guid":{"rendered":"https:\/\/charte-fontevrault-providentialisme.fr\/?p=61227"},"modified":"2024-08-27T11:21:53","modified_gmt":"2024-08-27T09:21:53","slug":"dissolution-presidentielle-du-9-juin-2024-le-president-macron-face-a-un-mur-et-la-republique-avec-le-choix-ne-serait-il-desormais-quentre-la-destitution-du-president-et-le-retour-du-roi","status":"publish","type":"post","link":"https:\/\/charte-fontevrault-providentialisme.fr\/index.php\/2024\/08\/27\/dissolution-presidentielle-du-9-juin-2024-le-president-macron-face-a-un-mur-et-la-republique-avec-le-choix-ne-serait-il-desormais-quentre-la-destitution-du-president-et-le-retour-du-roi\/","title":{"rendered":"Dissolution pr\u00e9sidentielle du 9 juin 2024 . Le Pr\u00e9sident Macron face \u00e0 un mur et la r\u00e9publique avec. Le choix ne serait-il desormais qu&#8217;entre la destitution du Pr\u00e9sident  et le retour du roi ?"},"content":{"rendered":"<p><span style=\"font-size: 12pt; color: #008000;\">\u00a0 \u00a0 \u00a0 \u00a0Ce dimanche 9 juin 2024, le chef de l&#8217;Etat a pris la parole \u00e0 21 heures, une heure apr\u00e8s l&#8217;annonce du r\u00e9sultat des \u00e9lections europ\u00e9ennes. \u201c<em>Le principal enseignement <span style=\"font-size: 12pt;\">est clair, ce n&#8217;est pas un bon r\u00e9sultat pour les parties qui d\u00e9fendent l\u2019Europe<\/span><\/em>&#8220;, a-t-il d\u00e9clar\u00e9. Et le Pr\u00e9sident d&#8217;annoncer\u00a0un retour aux urnes :\u00a0<strong>&#8220;<em>J&#8217;ai d\u00e9cid\u00e9 de vous redonner le choix de notre avenir parlementaire par le vote. Je dissous donc ce soir l&#8217;Assembl\u00e9e nationale<\/em>&#8220;.<\/strong><\/span><\/p>\n<p><span style=\"font-size: 12pt;\"><a href=\"https:\/\/lcp.fr\/actualites\/dissolution-emmanuel-macron-annonce-la-dissolution-de-l-assemblee-nationale-287650\">https:\/\/lcp.fr\/actualites\/dissolution-emmanuel-macron-annonce-la-dissolution-de-l-assemblee-nationale-287650<\/a><\/span><\/p>\n<p><span style=\"font-size: 12pt;\"><a href=\"https:\/\/lcp.fr\/actualites\/dissolution-emmanuel-macron-annonce-la-dissolution-de-l-assemblee-nationale-287650\"><span style=\"color: #008000;\">Une tr\u00e8s large <\/span><\/a><span style=\"color: #008000;\"><a style=\"color: #008000;\" title=\"Union de la gauche\" href=\"https:\/\/fr.wikipedia.org\/wiki\/Union_de_la_gauche\">union de la gauche<\/a><a style=\"color: #008000;\" href=\"https:\/\/lcp.fr\/actualites\/dissolution-emmanuel-macron-annonce-la-dissolution-de-l-assemblee-nationale-287650\"> voit le jour sous le nom de <\/a><a style=\"color: #008000;\" title=\"Nouveau Front populaire\" href=\"https:\/\/fr.wikipedia.org\/wiki\/Nouveau_Front_populaire\">Nouveau Front populaire<\/a><a style=\"color: #008000;\" href=\"https:\/\/lcp.fr\/actualites\/dissolution-emmanuel-macron-annonce-la-dissolution-de-l-assemblee-nationale-287650\"> (NFP), tandis que le pr\u00e9sident <\/a><a style=\"color: #008000;\" title=\"Les R\u00e9publicains\" href=\"https:\/\/fr.wikipedia.org\/wiki\/Les_R%C3%A9publicains\">Les R\u00e9publicains<\/a><a style=\"color: #008000;\" href=\"https:\/\/lcp.fr\/actualites\/dissolution-emmanuel-macron-annonce-la-dissolution-de-l-assemblee-nationale-287650\"> (LR), <\/a><a style=\"color: #008000;\" title=\"\u00c9ric Ciotti\" href=\"https:\/\/fr.wikipedia.org\/wiki\/%C3%89ric_Ciotti\">\u00c9ric Ciotti<\/a><a style=\"color: #008000;\" href=\"https:\/\/lcp.fr\/actualites\/dissolution-emmanuel-macron-annonce-la-dissolution-de-l-assemblee-nationale-287650\">, annonce une <\/a><a style=\"color: #008000;\" title=\"Crise de 2024 au parti Les R\u00e9publicains\" href=\"https:\/\/fr.wikipedia.org\/wiki\/Crise_de_2024_au_parti_Les_R%C3%A9publicains\">alliance avec le RN<\/a><a style=\"color: #008000;\" href=\"https:\/\/lcp.fr\/actualites\/dissolution-emmanuel-macron-annonce-la-dissolution-de-l-assemblee-nationale-287650\">, \u00e0 laquelle refusent de participer la quasi-unanimit\u00e9 des d\u00e9put\u00e9s LR sortants. Les forces centristes se regroupent autour du parti pr\u00e9sidentiel <\/a><a style=\"color: #008000;\" title=\"Renaissance (parti)\" href=\"https:\/\/fr.wikipedia.org\/wiki\/Renaissance_(parti)\">Renaissance<\/a><a style=\"color: #008000;\" href=\"https:\/\/lcp.fr\/actualites\/dissolution-emmanuel-macron-annonce-la-dissolution-de-l-assemblee-nationale-287650\"> sous le nom d&#8217;<\/a><a style=\"color: #008000;\" title=\"Ensemble pour la R\u00e9publique (France)\" href=\"https:\/\/fr.wikipedia.org\/wiki\/Ensemble_pour_la_R%C3%A9publique_(France)\">Ensemble pour la R\u00e9publique<\/a><a style=\"color: #008000;\" href=\"https:\/\/lcp.fr\/actualites\/dissolution-emmanuel-macron-annonce-la-dissolution-de-l-assemblee-nationale-287650\"> (EPR)<\/a><\/span><\/span><\/p>\n<p><span style=\"font-size: 12pt;\"><a href=\"https:\/\/fr.wikipedia.org\/wiki\/%C3%89lections_l%C3%A9gislatives_fran%C3%A7aises_de_2024\">https:\/\/fr.wikipedia.org\/wiki\/%C3%89lections_l%C3%A9gislatives_fran%C3%A7aises_de_2024<\/a><\/span><\/p>\n<p><span style=\"color: #008000;\"><strong>R\u00e9sultats d\u00e9finitifs des L\u00e9gislatives 2024 \u00a0en nombre de voix :<\/strong><\/span><\/p>\n<p><span style=\"color: #008000;\">\u2013 RN et alli\u00e9s : 10 110 090<\/span><br \/>\n<span style=\"color: #008000;\">\u2013 NFP : 7 414 923<\/span><br \/>\n<span style=\"color: #008000;\">\u2013 Ensemble : 6 572 748<\/span><br \/>\n<span style=\"color: #008000;\">\u2013 LR\/DVD : 2 455 269<\/span><\/p>\n<p><span style=\"color: #008000;\"><strong>R\u00e9partition des d\u00e9put\u00e9s \u00e0 l\u2019Assembl\u00e9e nationale par parti<\/strong> :<\/span><\/p>\n<p>\ud83d\udd34 NFP : 182<br \/>\n\ud83d\udfe0 Ensemble : 163<br \/>\n\ud83d\udd35 RN et alli\u00e9s : 143<\/p>\n<p><span style=\"font-size: 12pt; color: #008000;\">\u00a0 \u00a0Ce qui fait que l&#8217;assembl\u00e9e issue des urnes et\u00a0 radicalement inapte \u00e0 investir quelque gouvernement que ce soit. Le\u00a0 groupe\u00a0 NFP est certes majoritaire d&#8217;ou le tour de piste qui vient de s&#8217;achever forme de gag de Lucie Castets autoproclam\u00e9e comme premi\u00e8re Ministre mais qui se serait\u00a0 necessairement fracass\u00e9e\u00a0 contre les deux\u00a0 autres groupes lors de son apparition au Parlement.. Et il en irait de m\u00eame lors des tours de piste des autres composantes ( RN,\u00a0 Ensemble)<\/span><\/p>\n<p><a href=\"https:\/\/www.i24news.tv\/fr\/actu\/france\/artc-macron-exclut-un-premier-ministre-de-gauche-alors-que-la-crise-continue\"><span style=\"font-size: 12pt;\">https:\/\/www.i24news.tv\/fr\/actu\/france\/artc-macron-exclut-un-premier-ministre-de-gauche-alors-que-la-crise-continu<\/span>e\u00a0<\/a><\/p>\n<p><span style=\"font-size: 12pt; color: #008000;\">\u00a0 \u00a0 Le Pr\u00e9sident\u00a0 de la r\u00e9publique est donc face \u00e0 un mur et ne parait pas press\u00e9\u00a0 de trancher ce noeud gordien <strong>D\u00e9s lors s&#8217;il ne peut\u00a0 et ne\u00a0 veut\u00a0 rien faire pour nommer un nouveau Premier Ministre<\/strong> , il ne reste plus qu&#8217;une solution constitutionnelle.<strong> La destitution.<\/strong><\/span><\/p>\n<div>\n<h4 id=\"LEGIARTI000006527564-1\" class=\"name-article\" data-anchor=\"LEGIARTI000006527564\"><span style=\"font-size: 10pt;\"><em><span style=\"color: #ff6600;\">Article 68<\/span><\/em><\/span><\/h4>\n<h6 class=\"version-article\"><span style=\"font-size: 10pt;\"><em><span style=\"color: #ff6600;\">Version en vigueur depuis le 24 f\u00e9vrier 2007<\/span><\/em><\/span><\/h6>\n<p class=\"date\"><span style=\"font-size: 10pt;\"><em><a href=\"https:\/\/www.legifrance.gouv.fr\/loda\/id\/LEGIARTI000006276554\/2007-02-24\/\"><span style=\"color: #ff6600;\">Modifi\u00e9 par Loi constitutionnelle n\u00b02007-238 du 23 f\u00e9vrier &#8230; &#8211; art. unique<\/span><br \/>\n<\/a><\/em><\/span><\/p>\n<\/div>\n<div class=\"content\">\n<p><span style=\"font-size: 10pt;\"><em><span style=\"color: #ff6600;\"><span style=\"font-size: 12pt;\"><strong>\u00a0 \u00a0 Le Pr\u00e9sident de la R\u00e9publique ne peut \u00eatre destitu\u00e9 qu&#8217;en cas de manquement \u00e0 ses devoirs manifestement incompatible avec l&#8217;exercice de son mandat<\/strong><\/span>. La destitution est prononc\u00e9e par le Parlement constitu\u00e9 en Haute Cour.<\/span><\/em><\/span><\/p>\n<p><span style=\"font-size: 10pt;\"><em><span style=\"color: #ff6600;\">\u00a0 La proposition de r\u00e9union de la Haute Cour adopt\u00e9e par une des assembl\u00e9es du Parlement est aussit\u00f4t transmise \u00e0 l&#8217;autre qui se prononce dans les quinze jours.<\/span><\/em><\/span><\/p>\n<p><span style=\"font-size: 10pt;\"><em><span style=\"color: #ff6600;\">\u00a0 La Haute Cour est pr\u00e9sid\u00e9e par le pr\u00e9sident de l&#8217;Assembl\u00e9e nationale. Elle statue dans un d\u00e9lai d&#8217;un mois, \u00e0 bulletins secrets, sur la destitution. Sa d\u00e9cision est d&#8217;effet imm\u00e9diat.<\/span><\/em><\/span><\/p>\n<p><span style=\"font-size: 10pt;\"><em><span style=\"color: #ff6600;\">\u00a0 Les d\u00e9cisions prises en application du pr\u00e9sent article le sont \u00e0 la majorit\u00e9 des deux tiers des membres composant l&#8217;assembl\u00e9e concern\u00e9e ou la Haute Cour. Toute d\u00e9l\u00e9gation de vote est interdite. Seuls sont recens\u00e9s les votes favorables \u00e0 la proposition de r\u00e9union de la Haute Cour ou \u00e0 la destitution.<\/span><\/em><\/span><\/p>\n<p><span style=\"font-size: 12pt;\"><span style=\"font-size: 10pt;\"><em><span style=\"color: #ff6600;\">\u00a0Une loi organique fixe les conditions d&#8217;application du pr\u00e9sent article<\/span><\/em><\/span>.<\/span><\/p>\n<p><span style=\"font-size: 12pt; color: #008000;\">\u00a0 \u00a0A ce prpos, dans un texte publi\u00e9 dans <a style=\"color: #008000;\" title=\"Nouvelle fen\u00eatre\" href=\"https:\/\/www.latribune.fr\/opinions\/demettre-le-president-plutot-que-nous-soumettre-par-jean-luc-melenchon-mathilde-panot-et-manuel-bompard-1004412.html\" target=\"_blank\" rel=\"noopener\"><em>La Tribune<\/em> <em>dimanche<\/em><\/a> le 18\u00a0ao\u00fbt, la France insoumise (LFI) menace d\u2019<strong>engager une proc\u00e9dure de destitution contre Emmanuel Macron,<\/strong> accus\u00e9 de <em>\u00ab\u00a0coup de force institutionnel contre la d\u00e9mocratie\u00a0\u00bb<\/em> pour son refus <em>\u00ab\u00a0de prendre acte\u00a0\u00bb<\/em> du r\u00e9sultat des \u00e9lections l\u00e9gislatives du mois de juillet, o\u00f9 l\u2019alliance de gauche est arriv\u00e9e en t\u00eate.<\/span><\/p>\n<p><a href=\"https:\/\/www.lemonde.fr\/politique\/article\/2024\/08\/18\/la-france-insoumise-menace-d-engager-une-procedure-de-destitution-contre-emmanuel-macron_6285474_823448.htm\"><span style=\"font-size: 12pt;\">https:\/\/www.lemonde.fr\/politique\/article\/2024\/08\/18\/la-france-insoumise-menace-d-engager-une-procedure-de-destitution-contre-emmanuel-macron_6285474_823448.htm<\/span><\/a>l<\/p>\n<p><strong><span style=\"font-size: 14pt; color: #008000;\"><span style=\"font-size: 12pt;\">Le choix ne serait-il d\u00e9sormais qu&#8217;entre la destitution du Pr\u00e9sident et le retour du roi.<\/span>\u00a0 le retour\u00a0 du roi certes mais lequel ?<\/span><\/strong><\/p>\n<p><span style=\"font-size: 12pt; color: #ff6600;\">Alain TEXIER\u00a0 \u00a0 Docteur en Droit<\/span>.<\/p>\n<\/div>\n","protected":false},"excerpt":{"rendered":"<p>\u00a0 \u00a0 \u00a0 \u00a0Ce dimanche 9 juin 2024, le chef de l&#8217;Etat a pris la parole \u00e0 21 heures, une heure apr\u00e8s l&#8217;annonce du r\u00e9sultat des \u00e9lections europ\u00e9ennes. \u201cLe principal&#8230; <a href=\"https:\/\/charte-fontevrault-providentialisme.fr\/index.php\/2024\/08\/27\/dissolution-presidentielle-du-9-juin-2024-le-president-macron-face-a-un-mur-et-la-republique-avec-le-choix-ne-serait-il-desormais-quentre-la-destitution-du-president-et-le-retour-du-roi\/\">Cliquez pour lire davantage &raquo;<\/a><\/p>\n","protected":false},"author":2,"featured_media":0,"comment_status":"open","ping_status":"open","sticky":false,"template":"","format":"standard","meta":{"footnotes":""},"categories":[21],"tags":[33500,34650,11222,31732],"class_list":["post-61227","post","type-post","status-publish","format-standard","hentry","category-limites-de-la-republique","tag-alain-texier-cja-f-h-president-fondateur-de-la-charte-de-fontevrault-en-1988-1945","tag-https-www-i24news-tv-fr","tag-https-www-lemonde-fr","tag-president-emmanuel-macron-2017-2022-20"],"_links":{"self":[{"href":"https:\/\/charte-fontevrault-providentialisme.fr\/index.php\/wp-json\/wp\/v2\/posts\/61227","targetHints":{"allow":["GET"]}}],"collection":[{"href":"https:\/\/charte-fontevrault-providentialisme.fr\/index.php\/wp-json\/wp\/v2\/posts"}],"about":[{"href":"https:\/\/charte-fontevrault-providentialisme.fr\/index.php\/wp-json\/wp\/v2\/types\/post"}],"author":[{"embeddable":true,"href":"https:\/\/charte-fontevrault-providentialisme.fr\/index.php\/wp-json\/wp\/v2\/users\/2"}],"replies":[{"embeddable":true,"href":"https:\/\/charte-fontevrault-providentialisme.fr\/index.php\/wp-json\/wp\/v2\/comments?post=61227"}],"version-history":[{"count":8,"href":"https:\/\/charte-fontevrault-providentialisme.fr\/index.php\/wp-json\/wp\/v2\/posts\/61227\/revisions"}],"predecessor-version":[{"id":61236,"href":"https:\/\/charte-fontevrault-providentialisme.fr\/index.php\/wp-json\/wp\/v2\/posts\/61227\/revisions\/61236"}],"wp:attachment":[{"href":"https:\/\/charte-fontevrault-providentialisme.fr\/index.php\/wp-json\/wp\/v2\/media?parent=61227"}],"wp:term":[{"taxonomy":"category","embeddable":true,"href":"https:\/\/charte-fontevrault-providentialisme.fr\/index.php\/wp-json\/wp\/v2\/categories?post=61227"},{"taxonomy":"post_tag","embeddable":true,"href":"https:\/\/charte-fontevrault-providentialisme.fr\/index.php\/wp-json\/wp\/v2\/tags?post=61227"}],"curies":[{"name":"wp","href":"https:\/\/api.w.org\/{rel}","templated":true}]}}