{"id":61306,"date":"2024-08-30T15:00:13","date_gmt":"2024-08-30T13:00:13","guid":{"rendered":"https:\/\/charte-fontevrault-providentialisme.fr\/?p=61306"},"modified":"2024-08-29T14:25:12","modified_gmt":"2024-08-29T12:25:12","slug":"maison-de-la-secretainerie-ou-segretainerie-31-rue-saint-jean-de-lhabit-fontevraud-labbaye","status":"publish","type":"post","link":"https:\/\/charte-fontevrault-providentialisme.fr\/index.php\/2024\/08\/30\/maison-de-la-secretainerie-ou-segretainerie-31-rue-saint-jean-de-lhabit-fontevraud-labbaye\/","title":{"rendered":"Maison de la Secr\u00e9tainerie, ou Segr\u00e9tainerie, 31 rue Saint-Jean-de-l&#8217;Habit, Fontevraud-l&#8217;Abbaye."},"content":{"rendered":"<p><span style=\"font-size: 12pt; color: #008000;\">\u00a0 \u00a0 \u00a0 \u00a0Cet \u00e9difice, aujourd&#8217;hui hors de la cl\u00f4ture de l&#8217;abbaye, est l&#8217;un des b\u00e2timents qui abritent des \u00e9l\u00e9ments parmi les plus anciens de Fontevraud-l&#8217;Abbaye.<\/span><\/p>\n<p><span style=\"color: #008000;\"><span style=\"font-size: 12pt;\">\u00a0 \u00a0 \u00a0 \u00a0 Principal vestige (avec la maison du 31, rue Saint-Jean-de-l&#8217;Habit) des b\u00e2timents qui form\u00e8rent le complexe de la Secr\u00e9tainerie, compris au sein des d\u00e9pendances de l&#8217;abbaye de Fontevraud, cet \u00e9difice conserve, dans un \u00e9tat tr\u00e8s d\u00e9grad\u00e9 une courte partie de la galerie de la fin du XVIe ou du tout d\u00e9but du XVIIe si\u00e8cle qui en bordait la cour int\u00e9rieure. Dans ses caves, par ailleurs, sont visibles des \u00e9l\u00e9ments d&#8217;un syst\u00e8<span style=\"color: #008000;\">me hydraulique et des latrines qui remontent vraisemblablement aux premiers temps de l&#8217;abbaye. Par son \u00e9tat g\u00e9n\u00e9ral, qui r\u00e9sulte du d\u00e9mant\u00e8lement de celle-ci et de l&#8217;\u00e9ventrement des b\u00e2timents de ce secteur lors de l&#8217;\u00e9tablissement de l&#8217;enceinte p\u00e9nitentiaire, cette<\/span> maison t\u00e9moigne aussi des transformations postr\u00e9volutionnaires que connut le site monastique.\u00a0\u00a0<\/span><\/span><\/p>\n<div id=\"attachment_61307\" style=\"width: 652px\" class=\"wp-caption aligncenter\"><img loading=\"lazy\" decoding=\"async\" aria-describedby=\"caption-attachment-61307\" class=\"wp-image-61307 size-full\" src=\"https:\/\/charte-fontevrault-providentialisme.fr\/wp-content\/uploads\/2024\/08\/12665fb4-7922-4db7-b589-2ab335367599.jpeg\" alt=\"\" width=\"642\" height=\"512\" srcset=\"https:\/\/charte-fontevrault-providentialisme.fr\/wp-content\/uploads\/2024\/08\/12665fb4-7922-4db7-b589-2ab335367599.jpeg 642w, https:\/\/charte-fontevrault-providentialisme.fr\/wp-content\/uploads\/2024\/08\/12665fb4-7922-4db7-b589-2ab335367599-300x239.jpeg 300w, https:\/\/charte-fontevrault-providentialisme.fr\/wp-content\/uploads\/2024\/08\/12665fb4-7922-4db7-b589-2ab335367599-624x498.jpeg 624w\" sizes=\"auto, (max-width: 642px) 100vw, 642px\" \/><p id=\"caption-attachment-61307\" class=\"wp-caption-text\"><span style=\"color: #0000ff; font-size: 12pt;\">\u00a0 \u00a0 \u00a0 \u00a0 \u00a0https:\/\/gertrude.paysdelaloire.fr\/dossier\/IA49010783<\/span><\/p><\/div>\n<p><span style=\"font-size: 12pt; color: #008000;\">\u00a0 \u00a0 \u00a0La maison aujourd&#8217;hui connue sous le nom de Secr\u00e9tainerie ne correspond qu&#8217;\u00e0 un tron\u00e7on de l&#8217;un des corps de b\u00e2timent de cette ancienne d\u00e9pendance de l&#8217;abbaye de Fontevraud, qui formait, autour d&#8217;une cour, un \u00e9difice important.<\/span><\/p>\n<p><span style=\"font-size: 12pt; color: #008000;\">\u00a0 \u00a0 \u00a0 \u00a0Ce b\u00e2timent compte d\u00e9sormais un sous-sol, un rez-de-chauss\u00e9e, un \u00e9tage-carr\u00e9 et un \u00e9tage de comble.<\/span><\/p>\n<p><span style=\"font-size: 12pt; color: #008000;\">\u00a0 \u00a0 \u00a0 \u00a0Les fa\u00e7ades nord-est et sud-ouest correspondent \u00e0 d&#8217;anciens refends devenus murs ext\u00e9rieurs lorsque les parties qui les poursuivaient furent tronqu\u00e9es. Les remaniements anciens de cet \u00e9difice s&#8217;y traduisent par les diverses mises en \u0153uvre que l&#8217;on peut y discerner (en moyen appareil ou en moellons de tuffeau) et leurs angles et d\u00e9crochements sont ainsi la trace d&#8217;agencements ant\u00e9rieurs. Certaines des baies sont des percements du XIXe si\u00e8cle, mais on observe aussi des vestiges (obtur\u00e9s ou remani\u00e9s) d&#8217;anciennes fen\u00eatres ou portes (dont deux \u00e0 couvrement cintr\u00e9, au nord). En fa\u00e7ade sud-est, les ma\u00e7onneries sont plus homog\u00e8nes et pr\u00e9sentent semble-t-il un \u00e9tat du XVIIIe si\u00e8cle, en moyen appareil de tuffeau, avec baies couvertes d&#8217;un arc segmentaire.<\/span><\/p>\n<p><span style=\"font-size: 12pt; color: #008000;\">\u00a0 \u00a0 \u00a0La fa\u00e7ade la plus notable est au nord-est et donnait sur l&#8217;ancienne cour de la Secr\u00e9tainerie. Les deux arcades en plein-cintre \u00e0 clef saillante qu&#8217;elle conserve faisaient originellement partie d&#8217;un ensemble de six dont une en retour au sud, formant une galerie sur cour qui portait sans doute une galerie de distribution \u00e0 l&#8217;\u00e9tage-carr\u00e9. Les \u00e9l\u00e9ments qui en sont pr\u00e9serv\u00e9s sont orn\u00e9s de pilastres, bandeaux et moulurations qui se poursuivent \u00e0 l&#8217;\u00e9tage-carr\u00e9 o\u00f9 se prolongent les pilastres colossaux qui montent de fond sur les piles des arcs et sont coiff\u00e9s l\u00e0 de chapiteaux corinthiens alt\u00e9r\u00e9s lesquels portent un entablement toscan. Un tel d\u00e9cor reprend tr\u00e8s fortement, dans une proportion plus r\u00e9duite, celui que l&#8217;on trouve dans les galeries qui bordent les infirmeries de la cour Saint-Beno\u00eet (construites en 1580) et l\u00e0 aussi, au-dessus de chaque arcade, le plein de trav\u00e9e encadr\u00e9 de bandeaux \u00e0 l&#8217;\u00e9tage devait \u00eatre surmont\u00e9 d&#8217;une baie (sans doute simple ici, alors qu&#8217;elles \u00e9taient g\u00e9min\u00e9es dans la galerie des infirmeries). S&#8217;il restent donc partiellement lisibles, ces \u00e9l\u00e9ments sont tr\u00e8s d\u00e9grad\u00e9s et les parties disparues des murs ont \u00e9t\u00e9 compl\u00e9t\u00e9es en moyen appareil de tuffeau au d\u00e9but du XIXe si\u00e8cle.<\/span><\/p>\n<p><span style=\"font-size: 12pt; color: #008000;\">\u00a0 \u00a0Autre \u00e9l\u00e9ment notable de ce b\u00e2timent, l&#8217;enchev\u00eatrement de caves qui se superpos\u00e8rent progressivement au fil des remaniements que connut le b\u00e2timent depuis le Moyen \u00c2ge, enserre notamment des infrastructures hydrauliques qui en contrebas de cette maison rejoignent, par des canalisations, les eaux de l&#8217;Arceau, elles-m\u00eames issues du syst\u00e8me de captation des eaux de l&#8217;abbaye. Les sous-sols de la Secr\u00e9tainerie pr\u00e9sentent ainsi un petit collecteur qui semble traverser des latrines sans doute am\u00e9nag\u00e9es au XIIe ou au XIIIe si\u00e8cle.<\/span><\/p>\n","protected":false},"excerpt":{"rendered":"<p>\u00a0 \u00a0 \u00a0 \u00a0Cet \u00e9difice, aujourd&#8217;hui hors de la cl\u00f4ture de l&#8217;abbaye, est l&#8217;un des b\u00e2timents qui abritent des \u00e9l\u00e9ments parmi les plus anciens de Fontevraud-l&#8217;Abbaye. \u00a0 \u00a0 \u00a0 \u00a0&#8230; <a href=\"https:\/\/charte-fontevrault-providentialisme.fr\/index.php\/2024\/08\/30\/maison-de-la-secretainerie-ou-segretainerie-31-rue-saint-jean-de-lhabit-fontevraud-labbaye\/\">Cliquez pour lire davantage &raquo;<\/a><\/p>\n","protected":false},"author":2,"featured_media":0,"comment_status":"open","ping_status":"open","sticky":false,"template":"","format":"standard","meta":{"footnotes":""},"categories":[31069],"tags":[10555,34655],"class_list":["post-61306","post","type-post","status-publish","format-standard","hentry","category-action-memorielle","tag-https-gertrude-paysdelaloire-fr","tag-la-secretainerie-fontevraud-labbaye"],"_links":{"self":[{"href":"https:\/\/charte-fontevrault-providentialisme.fr\/index.php\/wp-json\/wp\/v2\/posts\/61306","targetHints":{"allow":["GET"]}}],"collection":[{"href":"https:\/\/charte-fontevrault-providentialisme.fr\/index.php\/wp-json\/wp\/v2\/posts"}],"about":[{"href":"https:\/\/charte-fontevrault-providentialisme.fr\/index.php\/wp-json\/wp\/v2\/types\/post"}],"author":[{"embeddable":true,"href":"https:\/\/charte-fontevrault-providentialisme.fr\/index.php\/wp-json\/wp\/v2\/users\/2"}],"replies":[{"embeddable":true,"href":"https:\/\/charte-fontevrault-providentialisme.fr\/index.php\/wp-json\/wp\/v2\/comments?post=61306"}],"version-history":[{"count":2,"href":"https:\/\/charte-fontevrault-providentialisme.fr\/index.php\/wp-json\/wp\/v2\/posts\/61306\/revisions"}],"predecessor-version":[{"id":61309,"href":"https:\/\/charte-fontevrault-providentialisme.fr\/index.php\/wp-json\/wp\/v2\/posts\/61306\/revisions\/61309"}],"wp:attachment":[{"href":"https:\/\/charte-fontevrault-providentialisme.fr\/index.php\/wp-json\/wp\/v2\/media?parent=61306"}],"wp:term":[{"taxonomy":"category","embeddable":true,"href":"https:\/\/charte-fontevrault-providentialisme.fr\/index.php\/wp-json\/wp\/v2\/categories?post=61306"},{"taxonomy":"post_tag","embeddable":true,"href":"https:\/\/charte-fontevrault-providentialisme.fr\/index.php\/wp-json\/wp\/v2\/tags?post=61306"}],"curies":[{"name":"wp","href":"https:\/\/api.w.org\/{rel}","templated":true}]}}