{"id":61464,"date":"2024-09-07T10:32:13","date_gmt":"2024-09-07T08:32:13","guid":{"rendered":"https:\/\/charte-fontevrault-providentialisme.fr\/?p=61464"},"modified":"2024-09-07T09:26:30","modified_gmt":"2024-09-07T07:26:30","slug":"8-septembre-20204-versailles-78000-110eme-anniversaire-des-apparitions-de-marie-reine-de-france","status":"publish","type":"post","link":"https:\/\/charte-fontevrault-providentialisme.fr\/index.php\/2024\/09\/07\/8-septembre-20204-versailles-78000-110eme-anniversaire-des-apparitions-de-marie-reine-de-france\/","title":{"rendered":"8 septembre 20204. Versailles (78000) 110\u00e8me anniversaire des apparitions de Marie, Reine de France"},"content":{"rendered":"<p><span style=\"font-size: 12pt; color: #008000;\"><strong>Image de Marie Reine de France et pri\u00e8re\u00a0\u00e0 Marie, Reine de France<\/strong><\/span><\/p>\n<p><span style=\"font-size: 12pt; color: #008000;\">(<u>pour obtenir la<\/u> <u>paix nationale \u00e0 la France et une paix individuelle aux fran\u00e7ais).<\/u><\/span><\/p>\n<p><span style=\"font-size: 12pt; color: #008000;\"><em>Elle est \u00e0 r\u00e9citer devant une image ou une statue de Marie, Reine de France.<\/em><\/span><\/p>\n<p><img loading=\"lazy\" decoding=\"async\" class=\"aligncenter size-large wp-image-61466\" src=\"https:\/\/charte-fontevrault-providentialisme.fr\/wp-content\/uploads\/2024\/09\/Capture-decran-2024-09-07-a-09.10.50-345x1024.png\" alt=\"\" width=\"345\" height=\"1024\" srcset=\"https:\/\/charte-fontevrault-providentialisme.fr\/wp-content\/uploads\/2024\/09\/Capture-decran-2024-09-07-a-09.10.50-345x1024.png 345w, https:\/\/charte-fontevrault-providentialisme.fr\/wp-content\/uploads\/2024\/09\/Capture-decran-2024-09-07-a-09.10.50-101x300.png 101w, https:\/\/charte-fontevrault-providentialisme.fr\/wp-content\/uploads\/2024\/09\/Capture-decran-2024-09-07-a-09.10.50-518x1536.png 518w, https:\/\/charte-fontevrault-providentialisme.fr\/wp-content\/uploads\/2024\/09\/Capture-decran-2024-09-07-a-09.10.50.png 620w\" sizes=\"auto, (max-width: 345px) 100vw, 345px\" \/><\/p>\n<p style=\"text-align: center;\"><span style=\"font-size: 14pt; color: #800080;\">Dimanche 8 septembre\u00a02024.<\/span><\/p>\n<p style=\"text-align: center;\"><span style=\"font-size: 12pt; color: #800080;\"><em>1<span style=\"font-size: 12pt;\">10\u00e8me anniversaire des apparitions de Marie, Reine de France<\/span><\/em><\/span><\/p>\n<p style=\"text-align: center;\"><span style=\"font-size: 12pt; color: #800080;\"><em>Chapelle de Notre Dames de Arm\u00e9es \u00e0 Versailles<\/em><\/span><\/p>\n<p><span style=\"font-size: 12pt; color: #008000;\"><strong>Messe chant\u00e9e \u00e0\u00a012\u00a0h<\/strong> traditionnelle en rite Saint Pie V<\/span><\/p>\n<p><span style=\"font-size: 12pt; color: #008000;\">(Cur\u00e9, l\u2019abb\u00e9 Renaud de La Motte de la Fraternit\u00e9 St Pierre, ancien FSSPX)<\/span><\/p>\n<p><span style=\"font-size: 12pt; color: #008000;\">C<strong>hapelle de Notre Dame des\u00a0Arm\u00e9es<\/strong>\u00a04, impasse des Gendarmes <strong>78000 Versailles<\/strong> (derri\u00e8re l\u2019H\u00f4tel de Ville).<\/span><\/p>\n<p><span style=\"font-size: 12pt; color: #008000;\"><strong>A 18h\u00a0: V\u00eapres. Salut du Saint Sacrement<\/strong><\/span><\/p>\n<p><span style=\"font-size: 12pt; color: #008000;\">Suivie d&#8217;un <strong>pique-nique tir\u00e9 du sac<\/strong>, rentr\u00e9 paroissial.<\/span><\/p>\n<p><span style=\"font-size: 12pt; color: #008000;\">Tout le monde est invit\u00e9 \u00e0 partir de 12h30.<\/span><\/p>\n<p><span style=\"font-size: 12pt; color: #008000;\">Au <strong>Centre Ozanam<\/strong> 24 rue du Mar\u00e9chal Joffre 78000 Versailles.\u00a0Parking.<\/span><\/p>\n<p><span style=\"font-size: 12pt; color: #008000;\">Apr\u00e8s le pique-nique,\u00a0<strong>comme tous les 8 de chaque mois<\/strong>, nous nous retrouvons <strong>pour prier<\/strong>, chapelet, rosaire, litanies, pri\u00e8re de Marie, Reine de France et du Sacr\u00e9-C\u0153ur, chants<\/span><\/p>\n<p><strong><span style=\"font-size: 12pt; color: #cc99ff;\">Cimeti\u00e8re Notre Dame 15 rue des Missionnaires Versailles 78000<\/span><\/strong><\/p>\n<p><strong><span style=\"font-size: 12pt; color: #cc99ff;\">Tombe de\u00a0Marcelle Lanchon, soeur Marie France de la Pieuse Union des adorateurs du Sacr\u00e9-C\u0153ur de J\u00e9sus, voyante des apparitions :<\/span><\/strong><\/p>\n<p><strong><span style=\"font-size: 12pt; color: #cc99ff;\">Premi\u00e8re apparition, le 8 septembre 1914. Marie, Reine de France.<\/span><\/strong><\/p>\n<p><strong><span style=\"font-size: 12pt; color: #cc99ff;\">Deuxi\u00e8me apparition, le 31 d\u00e9cembre 1914. Le Sacr\u00e9-C\u0153ur, saint Michel Archange et Jeanne d\u2019Arc.<\/span><\/strong><\/p>\n<p><span style=\"font-size: 14pt;\"><strong><span style=\"color: #cc99ff;\">Troisi\u00e8me apparition, le 20 juin 1915. Le Christ, Roi de France.<\/span><\/strong><\/span><\/p>\n<p><strong><span style=\"font-size: 12pt; color: #cc99ff;\">Quatri\u00e8me apparition, le 8 octobre 1916. Marie Reine de France.<\/span><\/strong><\/p>\n<p><a href=\"https:\/\/prophetiespournotretemps.mariedenazareth.com\/les-differentes-propheties-pour-notre-temps\/voix-prophetiques-historiques\/autres-cas-credibles\/marcelle-lanchon-1891-1933-il-veut-regner-sur-la-france\"><span style=\"font-size: 12pt;\">https:\/\/prophetiespournotretemps.mariedenazareth.com\/les-differentes-propheties-pour-notre-temps\/voix-prophetiques-historiques\/autres-cas-credibles\/marcelle-lanchon-1891-1933-il-veut-regner-sur-la-france<\/span><\/a><\/p>\n<p><span style=\"font-size: 12pt; color: #ff6600;\">Informations :\u00a0Gis\u00e9la\u00a0: 06 01 76 20 79 &#8211; Marie-Laure :\u00a0 06 08 80 53 66<\/span><\/p>\n<p><span style=\"color: #800080;\"><span style=\"font-size: 12pt;\">BIBLIOGRAPHIE.<\/span> https:\/\/fr.shopping.rakuten.com\/offer\/buy\/48778803\/Anonyme-Les-Apparitions-A-Versailles-Marie-Reine-De-France-Jesus-Roi-De-France-Livre.html<\/span><\/p>\n<p><strong>\u00a0<\/strong><\/p>\n","protected":false},"excerpt":{"rendered":"<p>Image de Marie Reine de France et pri\u00e8re\u00a0\u00e0 Marie, Reine de France (pour obtenir la paix nationale \u00e0 la France et une paix individuelle aux fran\u00e7ais). Elle est \u00e0 r\u00e9citer&#8230; <a href=\"https:\/\/charte-fontevrault-providentialisme.fr\/index.php\/2024\/09\/07\/8-septembre-20204-versailles-78000-110eme-anniversaire-des-apparitions-de-marie-reine-de-france\/\">Cliquez pour lire davantage &raquo;<\/a><\/p>\n","protected":false},"author":2,"featured_media":0,"comment_status":"open","ping_status":"open","sticky":false,"template":"","format":"standard","meta":{"footnotes":""},"categories":[30912,30913,7],"tags":[984,34672,10478,34671,34644],"class_list":["post-61464","post","type-post","status-publish","format-standard","hentry","category-action-catholique","category-action-providentialiste","category-blogs-et-sites-catholiques","tag-apparitions-mariales","tag-apparitions-mariales-de-versailles-france","tag-https-fr-shopping-rakuten-com","tag-https-prophetiespournotretemps-mariedenazareth-com","tag-marcelle-lanchon-1891-1933"],"_links":{"self":[{"href":"https:\/\/charte-fontevrault-providentialisme.fr\/index.php\/wp-json\/wp\/v2\/posts\/61464","targetHints":{"allow":["GET"]}}],"collection":[{"href":"https:\/\/charte-fontevrault-providentialisme.fr\/index.php\/wp-json\/wp\/v2\/posts"}],"about":[{"href":"https:\/\/charte-fontevrault-providentialisme.fr\/index.php\/wp-json\/wp\/v2\/types\/post"}],"author":[{"embeddable":true,"href":"https:\/\/charte-fontevrault-providentialisme.fr\/index.php\/wp-json\/wp\/v2\/users\/2"}],"replies":[{"embeddable":true,"href":"https:\/\/charte-fontevrault-providentialisme.fr\/index.php\/wp-json\/wp\/v2\/comments?post=61464"}],"version-history":[{"count":4,"href":"https:\/\/charte-fontevrault-providentialisme.fr\/index.php\/wp-json\/wp\/v2\/posts\/61464\/revisions"}],"predecessor-version":[{"id":61470,"href":"https:\/\/charte-fontevrault-providentialisme.fr\/index.php\/wp-json\/wp\/v2\/posts\/61464\/revisions\/61470"}],"wp:attachment":[{"href":"https:\/\/charte-fontevrault-providentialisme.fr\/index.php\/wp-json\/wp\/v2\/media?parent=61464"}],"wp:term":[{"taxonomy":"category","embeddable":true,"href":"https:\/\/charte-fontevrault-providentialisme.fr\/index.php\/wp-json\/wp\/v2\/categories?post=61464"},{"taxonomy":"post_tag","embeddable":true,"href":"https:\/\/charte-fontevrault-providentialisme.fr\/index.php\/wp-json\/wp\/v2\/tags?post=61464"}],"curies":[{"name":"wp","href":"https:\/\/api.w.org\/{rel}","templated":true}]}}