{"id":61966,"date":"2024-10-12T10:15:28","date_gmt":"2024-10-12T08:15:28","guid":{"rendered":"https:\/\/charte-fontevrault-providentialisme.fr\/?p=61966"},"modified":"2024-11-09T10:01:27","modified_gmt":"2024-11-09T09:01:27","slug":"le-mercredi-16-octobre-2024-honorons-a-limoges-la-reine-marie-antoinette","status":"publish","type":"post","link":"https:\/\/charte-fontevrault-providentialisme.fr\/index.php\/2024\/10\/12\/le-mercredi-16-octobre-2024-honorons-a-limoges-la-reine-marie-antoinette\/","title":{"rendered":"Le  Mercredi 16 octobre 2024.  nous avons honor\u00e9 \u00e0 Limoges la douloureuse m\u00e9moire de la  reine Marie-Antoinette de France."},"content":{"rendered":"<p><span style=\"font-size: 12pt; color: #800080;\">\u00a0 \u00a0 \u00a0La presse a bien voulu se faire l&#8217;echo de cette pieuse et\u00a0 fid\u00e8le manifestation. c\u00e9l\u00e9br\u00e9e en l&#8217;oratoire fontevriste du &#8221; Ch\u00e2teau&#8221; de Limoges.\u00a0<\/span><\/p>\n<p><span style=\"font-size: 12pt; color: #800080;\">\u00a0 \u00a0 Nos remerciements\u00a0 vont au P\u00e8re Jean-Christophe Larribe qui a bien voulu c\u00e9l\u00e9brer le Saint Sacrifice de la Messe, Franck Peyrot auteur\u00a0 de la pieuse illustration ci-dessous et \u00e0 Alain Texier, organisateur de la c\u00e9r\u00e9monie.<\/span><\/p>\n<p><img loading=\"lazy\" decoding=\"async\" class=\"alignleft wp-image-62429 size-large\" src=\"https:\/\/charte-fontevrault-providentialisme.fr\/wp-content\/uploads\/2024\/10\/Capture-decran-2024-11-09-a-09.44.01-1024x523.png\" alt=\"\" width=\"625\" height=\"319\" srcset=\"https:\/\/charte-fontevrault-providentialisme.fr\/wp-content\/uploads\/2024\/10\/Capture-decran-2024-11-09-a-09.44.01-1024x523.png 1024w, https:\/\/charte-fontevrault-providentialisme.fr\/wp-content\/uploads\/2024\/10\/Capture-decran-2024-11-09-a-09.44.01-300x153.png 300w, https:\/\/charte-fontevrault-providentialisme.fr\/wp-content\/uploads\/2024\/10\/Capture-decran-2024-11-09-a-09.44.01-768x392.png 768w, https:\/\/charte-fontevrault-providentialisme.fr\/wp-content\/uploads\/2024\/10\/Capture-decran-2024-11-09-a-09.44.01-1536x784.png 1536w, https:\/\/charte-fontevrault-providentialisme.fr\/wp-content\/uploads\/2024\/10\/Capture-decran-2024-11-09-a-09.44.01-624x319.png 624w, https:\/\/charte-fontevrault-providentialisme.fr\/wp-content\/uploads\/2024\/10\/Capture-decran-2024-11-09-a-09.44.01-1320x674.png 1320w, https:\/\/charte-fontevrault-providentialisme.fr\/wp-content\/uploads\/2024\/10\/Capture-decran-2024-11-09-a-09.44.01.png 1680w\" sizes=\"auto, (max-width: 625px) 100vw, 625px\" \/><\/p>\n<p><img loading=\"lazy\" decoding=\"async\" class=\"alignleft wp-image-61968 size-full\" src=\"https:\/\/charte-fontevrault-providentialisme.fr\/wp-content\/uploads\/2024\/10\/Capture-decran-2024-10-12-a-10.05.26.png\" alt=\"\" width=\"1186\" height=\"1590\" srcset=\"https:\/\/charte-fontevrault-providentialisme.fr\/wp-content\/uploads\/2024\/10\/Capture-decran-2024-10-12-a-10.05.26.png 1186w, https:\/\/charte-fontevrault-providentialisme.fr\/wp-content\/uploads\/2024\/10\/Capture-decran-2024-10-12-a-10.05.26-224x300.png 224w, https:\/\/charte-fontevrault-providentialisme.fr\/wp-content\/uploads\/2024\/10\/Capture-decran-2024-10-12-a-10.05.26-764x1024.png 764w, https:\/\/charte-fontevrault-providentialisme.fr\/wp-content\/uploads\/2024\/10\/Capture-decran-2024-10-12-a-10.05.26-768x1030.png 768w, https:\/\/charte-fontevrault-providentialisme.fr\/wp-content\/uploads\/2024\/10\/Capture-decran-2024-10-12-a-10.05.26-1146x1536.png 1146w, https:\/\/charte-fontevrault-providentialisme.fr\/wp-content\/uploads\/2024\/10\/Capture-decran-2024-10-12-a-10.05.26-624x837.png 624w\" sizes=\"auto, (max-width: 1186px) 100vw, 1186px\" \/><\/p>\n","protected":false},"excerpt":{"rendered":"<p>\u00a0 \u00a0 \u00a0La presse a bien voulu se faire l&#8217;echo de cette pieuse et\u00a0 fid\u00e8le manifestation. c\u00e9l\u00e9br\u00e9e en l&#8217;oratoire fontevriste du &#8221; Ch\u00e2teau&#8221; de Limoges.\u00a0 \u00a0 \u00a0 Nos remerciements\u00a0 vont&#8230; <a href=\"https:\/\/charte-fontevrault-providentialisme.fr\/index.php\/2024\/10\/12\/le-mercredi-16-octobre-2024-honorons-a-limoges-la-reine-marie-antoinette\/\">Cliquez pour lire davantage &raquo;<\/a><\/p>\n","protected":false},"author":2,"featured_media":0,"comment_status":"open","ping_status":"open","sticky":false,"template":"","format":"standard","meta":{"footnotes":""},"categories":[30913],"tags":[446,33500,32422,32829,6176,33994,32445,33614],"class_list":["post-61966","post","type-post","status-publish","format-standard","hentry","category-action-providentialiste","tag-abbe-jean-christophe-larribe","tag-alain-texier-cja-f-h-president-fondateur-de-la-charte-de-fontevrault-en-1988-1945","tag-ceremonies-commemoratives-de-marie-antoinette","tag-commune-de-limoges-haute-vienne","tag-eglise-saint-pierre-du-queyroix-limoges","tag-les-amis-du-roi-franck-peyrot","tag-oratoire-fontevriste-du-chateau-de-limoges","tag-reine-marie-antoinette-de-france-1755-1774-1793"],"_links":{"self":[{"href":"https:\/\/charte-fontevrault-providentialisme.fr\/index.php\/wp-json\/wp\/v2\/posts\/61966","targetHints":{"allow":["GET"]}}],"collection":[{"href":"https:\/\/charte-fontevrault-providentialisme.fr\/index.php\/wp-json\/wp\/v2\/posts"}],"about":[{"href":"https:\/\/charte-fontevrault-providentialisme.fr\/index.php\/wp-json\/wp\/v2\/types\/post"}],"author":[{"embeddable":true,"href":"https:\/\/charte-fontevrault-providentialisme.fr\/index.php\/wp-json\/wp\/v2\/users\/2"}],"replies":[{"embeddable":true,"href":"https:\/\/charte-fontevrault-providentialisme.fr\/index.php\/wp-json\/wp\/v2\/comments?post=61966"}],"version-history":[{"count":6,"href":"https:\/\/charte-fontevrault-providentialisme.fr\/index.php\/wp-json\/wp\/v2\/posts\/61966\/revisions"}],"predecessor-version":[{"id":62433,"href":"https:\/\/charte-fontevrault-providentialisme.fr\/index.php\/wp-json\/wp\/v2\/posts\/61966\/revisions\/62433"}],"wp:attachment":[{"href":"https:\/\/charte-fontevrault-providentialisme.fr\/index.php\/wp-json\/wp\/v2\/media?parent=61966"}],"wp:term":[{"taxonomy":"category","embeddable":true,"href":"https:\/\/charte-fontevrault-providentialisme.fr\/index.php\/wp-json\/wp\/v2\/categories?post=61966"},{"taxonomy":"post_tag","embeddable":true,"href":"https:\/\/charte-fontevrault-providentialisme.fr\/index.php\/wp-json\/wp\/v2\/tags?post=61966"}],"curies":[{"name":"wp","href":"https:\/\/api.w.org\/{rel}","templated":true}]}}