{"id":62002,"date":"2024-10-16T10:15:47","date_gmt":"2024-10-16T08:15:47","guid":{"rendered":"https:\/\/charte-fontevrault-providentialisme.fr\/?p=62002"},"modified":"2024-10-16T10:21:46","modified_gmt":"2024-10-16T08:21:46","slug":"dun-monde-a-lautre-la-derniere-demeure-dalienor-a-fontevraud","status":"publish","type":"post","link":"https:\/\/charte-fontevrault-providentialisme.fr\/index.php\/2024\/10\/16\/dun-monde-a-lautre-la-derniere-demeure-dalienor-a-fontevraud\/","title":{"rendered":"D&#8217;un monde \u00e0 l&#8217;autre. La derni\u00e8re demeure d&#8217;Ali\u00e8nor \u00e0 Fontevraud."},"content":{"rendered":"<p><img loading=\"lazy\" decoding=\"async\" class=\"alignleft wp-image-62003 size-large\" src=\"https:\/\/charte-fontevrault-providentialisme.fr\/wp-content\/uploads\/2024\/10\/Capture-decran-2024-10-16-a-10.18.22-1024x978.png\" alt=\"\" width=\"625\" height=\"597\" srcset=\"https:\/\/charte-fontevrault-providentialisme.fr\/wp-content\/uploads\/2024\/10\/Capture-decran-2024-10-16-a-10.18.22-1024x978.png 1024w, https:\/\/charte-fontevrault-providentialisme.fr\/wp-content\/uploads\/2024\/10\/Capture-decran-2024-10-16-a-10.18.22-300x287.png 300w, https:\/\/charte-fontevrault-providentialisme.fr\/wp-content\/uploads\/2024\/10\/Capture-decran-2024-10-16-a-10.18.22-768x733.png 768w, https:\/\/charte-fontevrault-providentialisme.fr\/wp-content\/uploads\/2024\/10\/Capture-decran-2024-10-16-a-10.18.22-624x596.png 624w, https:\/\/charte-fontevrault-providentialisme.fr\/wp-content\/uploads\/2024\/10\/Capture-decran-2024-10-16-a-10.18.22.png 1290w\" sizes=\"auto, (max-width: 625px) 100vw, 625px\" \/><\/p>\n","protected":false},"excerpt":{"rendered":"","protected":false},"author":2,"featured_media":0,"comment_status":"open","ping_status":"open","sticky":false,"template":"","format":"standard","meta":{"footnotes":""},"categories":[31069],"tags":[31577,31561],"class_list":["post-62002","post","type-post","status-publish","format-standard","hentry","category-action-memorielle","tag-abbaye-royale-de-fontevraud-49590","tag-alienor-daquitaine-1122-1204"],"_links":{"self":[{"href":"https:\/\/charte-fontevrault-providentialisme.fr\/index.php\/wp-json\/wp\/v2\/posts\/62002","targetHints":{"allow":["GET"]}}],"collection":[{"href":"https:\/\/charte-fontevrault-providentialisme.fr\/index.php\/wp-json\/wp\/v2\/posts"}],"about":[{"href":"https:\/\/charte-fontevrault-providentialisme.fr\/index.php\/wp-json\/wp\/v2\/types\/post"}],"author":[{"embeddable":true,"href":"https:\/\/charte-fontevrault-providentialisme.fr\/index.php\/wp-json\/wp\/v2\/users\/2"}],"replies":[{"embeddable":true,"href":"https:\/\/charte-fontevrault-providentialisme.fr\/index.php\/wp-json\/wp\/v2\/comments?post=62002"}],"version-history":[{"count":1,"href":"https:\/\/charte-fontevrault-providentialisme.fr\/index.php\/wp-json\/wp\/v2\/posts\/62002\/revisions"}],"predecessor-version":[{"id":62004,"href":"https:\/\/charte-fontevrault-providentialisme.fr\/index.php\/wp-json\/wp\/v2\/posts\/62002\/revisions\/62004"}],"wp:attachment":[{"href":"https:\/\/charte-fontevrault-providentialisme.fr\/index.php\/wp-json\/wp\/v2\/media?parent=62002"}],"wp:term":[{"taxonomy":"category","embeddable":true,"href":"https:\/\/charte-fontevrault-providentialisme.fr\/index.php\/wp-json\/wp\/v2\/categories?post=62002"},{"taxonomy":"post_tag","embeddable":true,"href":"https:\/\/charte-fontevrault-providentialisme.fr\/index.php\/wp-json\/wp\/v2\/tags?post=62002"}],"curies":[{"name":"wp","href":"https:\/\/api.w.org\/{rel}","templated":true}]}}