{"id":62179,"date":"2024-10-24T10:32:30","date_gmt":"2024-10-24T08:32:30","guid":{"rendered":"https:\/\/charte-fontevrault-providentialisme.fr\/?p=62179"},"modified":"2024-10-24T16:07:22","modified_gmt":"2024-10-24T14:07:22","slug":"le-chateau-de-vauxrenard-69258-et-louis-xvii-ou-richemont","status":"publish","type":"post","link":"https:\/\/charte-fontevrault-providentialisme.fr\/index.php\/2024\/10\/24\/le-chateau-de-vauxrenard-69258-et-louis-xvii-ou-richemont\/","title":{"rendered":"Le ch\u00e2teau de Vauxrenard (69258) lieu d&#8217;asile de Louis XVII ou de Richemont"},"content":{"rendered":"<p><img loading=\"lazy\" decoding=\"async\" class=\"alignleft wp-image-62181\" src=\"https:\/\/charte-fontevrault-providentialisme.fr\/wp-content\/uploads\/2024\/10\/7bce3985-6d87-4174-a144-3a02b4cb9baf-300x169.webp\" alt=\"\" width=\"444\" height=\"250\" srcset=\"https:\/\/charte-fontevrault-providentialisme.fr\/wp-content\/uploads\/2024\/10\/7bce3985-6d87-4174-a144-3a02b4cb9baf-300x169.webp 300w, https:\/\/charte-fontevrault-providentialisme.fr\/wp-content\/uploads\/2024\/10\/7bce3985-6d87-4174-a144-3a02b4cb9baf-1024x576.webp 1024w, https:\/\/charte-fontevrault-providentialisme.fr\/wp-content\/uploads\/2024\/10\/7bce3985-6d87-4174-a144-3a02b4cb9baf-768x432.webp 768w, https:\/\/charte-fontevrault-providentialisme.fr\/wp-content\/uploads\/2024\/10\/7bce3985-6d87-4174-a144-3a02b4cb9baf-624x351.webp 624w, https:\/\/charte-fontevrault-providentialisme.fr\/wp-content\/uploads\/2024\/10\/7bce3985-6d87-4174-a144-3a02b4cb9baf.webp 1200w\" sizes=\"auto, (max-width: 444px) 100vw, 444px\" \/><\/p>\n<p>&nbsp;<\/p>\n<p>&nbsp;<\/p>\n<p>&nbsp;<\/p>\n<p>&nbsp;<\/p>\n<p>&nbsp;<\/p>\n<p>&nbsp;<\/p>\n<p><span style=\"font-size: 12pt; color: #008000;\">Merci\u00a0 \u00e0 M. Michel\u00a0 Wartelle ( voir lesl ignes ci-dessous) d&#8217;avoir attir\u00e9 notre attention via les commentaires sur le blog de la Charte de Fontevrault sur le\u00a0 baron de RIchemont.<\/span><\/p>\n<p><span style=\"color: #008000;\"><em><span style=\"font-size: 12pt;\">Le futur roi de France sera un descendant du roi Louis XVII, qui est mort \u00e0 Gleiz\u00e9 au ch\u00e2teau de Vaurenard. Padre Pio en a parl\u00e9<\/span><\/em><\/span><\/p>\n<p><span style=\"font-size: 12pt;\"><a href=\"https:\/\/fr.anecdotrip.com\/le-chateau-de-vaurenard-et-le-mystere-louis-xvii-ce-que-cache-le-baron-de-richemont-par-vinaigrette\">https:\/\/fr.anecdotrip.com\/le-chateau-de-vaurenard-et-le-mystere-louis-xvii-ce-que-cache-le-baron-de-richemont-par-vinaigrette<\/a><\/span><\/p>\n","protected":false},"excerpt":{"rendered":"<p>&nbsp; &nbsp; &nbsp; &nbsp; &nbsp; &nbsp; Merci\u00a0 \u00e0 M. Michel\u00a0 Wartelle ( voir lesl ignes ci-dessous) d&#8217;avoir attir\u00e9 notre attention via les commentaires sur le blog de la Charte de&#8230; <a href=\"https:\/\/charte-fontevrault-providentialisme.fr\/index.php\/2024\/10\/24\/le-chateau-de-vauxrenard-69258-et-louis-xvii-ou-richemont\/\">Cliquez pour lire davantage &raquo;<\/a><\/p>\n","protected":false},"author":2,"featured_media":0,"comment_status":"open","ping_status":"open","sticky":false,"template":"","format":"standard","meta":{"footnotes":""},"categories":[30913],"tags":[32832,32865,32513],"class_list":["post-62179","post","type-post","status-publish","format-standard","hentry","category-action-providentialiste","tag-baron-de-richemont-1786-1788-1853","tag-louis-charles-de-france-duc-de-normandie-louis-xvii-1785","tag-michel-wartelle-1945"],"_links":{"self":[{"href":"https:\/\/charte-fontevrault-providentialisme.fr\/index.php\/wp-json\/wp\/v2\/posts\/62179","targetHints":{"allow":["GET"]}}],"collection":[{"href":"https:\/\/charte-fontevrault-providentialisme.fr\/index.php\/wp-json\/wp\/v2\/posts"}],"about":[{"href":"https:\/\/charte-fontevrault-providentialisme.fr\/index.php\/wp-json\/wp\/v2\/types\/post"}],"author":[{"embeddable":true,"href":"https:\/\/charte-fontevrault-providentialisme.fr\/index.php\/wp-json\/wp\/v2\/users\/2"}],"replies":[{"embeddable":true,"href":"https:\/\/charte-fontevrault-providentialisme.fr\/index.php\/wp-json\/wp\/v2\/comments?post=62179"}],"version-history":[{"count":8,"href":"https:\/\/charte-fontevrault-providentialisme.fr\/index.php\/wp-json\/wp\/v2\/posts\/62179\/revisions"}],"predecessor-version":[{"id":62189,"href":"https:\/\/charte-fontevrault-providentialisme.fr\/index.php\/wp-json\/wp\/v2\/posts\/62179\/revisions\/62189"}],"wp:attachment":[{"href":"https:\/\/charte-fontevrault-providentialisme.fr\/index.php\/wp-json\/wp\/v2\/media?parent=62179"}],"wp:term":[{"taxonomy":"category","embeddable":true,"href":"https:\/\/charte-fontevrault-providentialisme.fr\/index.php\/wp-json\/wp\/v2\/categories?post=62179"},{"taxonomy":"post_tag","embeddable":true,"href":"https:\/\/charte-fontevrault-providentialisme.fr\/index.php\/wp-json\/wp\/v2\/tags?post=62179"}],"curies":[{"name":"wp","href":"https:\/\/api.w.org\/{rel}","templated":true}]}}