{"id":62220,"date":"2024-10-26T15:00:43","date_gmt":"2024-10-26T13:00:43","guid":{"rendered":"https:\/\/charte-fontevrault-providentialisme.fr\/?p=62220"},"modified":"2024-10-26T17:55:49","modified_gmt":"2024-10-26T15:55:49","slug":"496-bapteme-de-clovis-ou-et-bapteme-de-la-france","status":"publish","type":"post","link":"https:\/\/charte-fontevrault-providentialisme.fr\/index.php\/2024\/10\/26\/496-bapteme-de-clovis-ou-et-bapteme-de-la-france\/","title":{"rendered":"496- Bapt\u00eame de Clovis  ou ( et) bapt\u00eame de la France."},"content":{"rendered":"<p><span style=\"font-size: 12pt; color: #008000;\"><strong>\u00a0 \u00a0 Le bapt\u00eame de Clovis conduit g\u00e9n\u00e9ralement \u00e0 parler du \u201cbapt\u00eame de la France\u201d, alors m\u00eame qu\u2019il est impossible de baptiser un pays. D\u2019o\u00f9 vient cette tradition et est-ce pour cette raison que l\u2019on parle de la France comme la \u201cfille a\u00een\u00e9e de l\u2019\u00c9glise\u201d ?<\/strong><\/span><\/p>\n<p><span style=\"font-size: 12pt; color: #008000;\">\u00a0 \u00a0 \u00a0 Gr\u00e9goire de Tours d\u00e9crit la sc\u00e8ne du bapt\u00eame de Clovis et \u00e9voque la pr\u00e9sence d\u2019une \u201cgarde rapproch\u00e9e\u201d, qui correspond en r\u00e9alit\u00e9 \u00e0 plusieurs dizaines de milliers d\u2019hommes. Ces milliers de guerriers re\u00e7oivent le bapt\u00eame en m\u00eame temps que lui, ainsi que sa s\u0153ur, car il est de tradition, chez les peuples Germains, et en particulier chez les Francs, de suivre la foi du roi. M\u00eame si d\u2019un point de vue eccl\u00e9siologique, on ne peut baptiser que les personnes, le fait que des milliers d\u2019hommes suivent Clovis dans sa conversion donne l\u2019image d\u2019un bapt\u00eame de tout un pays, ou plut\u00f4t d\u2019un royaume. L\u2019histoire de Clovis devient celle de tout un peuple, ce qui m\u00e8nera \u00e0 cette tradition selon laquelle la France est la \u201cfille a\u00een\u00e9e de l\u2019\u00c9glise\u201d. <\/span><\/p>\n<p><span style=\"font-size: 12pt; color: #008000;\">\u00a0 \u00a0 \u00a0 Et ce d\u2019autant plus que Clovis est consid\u00e9r\u00e9 comme le premier souverain converti au catholicisme. C\u2019est un peu approximatif selon moi car il y avait eu la conversion de Constantin sur son lit de mort, quand bien m\u00eame il a re\u00e7u le bapt\u00eame des mains d\u2019un \u00e9v\u00eaque arien, donc h\u00e9r\u00e9tique. Il y a \u00e9galement le roi d\u2019Arm\u00e9nie, devenu catholique avant Clovis. Mais on objectera qu\u2019il n\u2019\u00e9tait pas sous l\u2019autorit\u00e9 directe du Saint-Si\u00e8ge\u2026 <strong>C\u2019est donc Clovis qui devient le tout premier roi \u00e0 adh\u00e9rer au catholicisme, et son royaume devient \u201cla fille a\u00een\u00e9e de l&#8217;Eglise\u201d.<\/strong><\/span><\/p>\n<p><span style=\"font-size: 12pt;\"><a href=\"https:\/\/fr.aleteia.org\/2024\/10\/25\/clovis-a-t-il-vraiment-ete-baptise-en-496?utm_medium=email&amp;utm_source=sendgrid&amp;utm_campaign=EM-FR-Newsletter-Daily-&amp;utm_content=Newsletter&amp;utm_term=20241026\">https:\/\/fr.aleteia.org\/2024\/10\/25\/clovis-a-t-il-vraiment-ete-baptise-en-496?utm_medium=email&amp;utm_source=sendgrid&amp;utm_campaign=EM-FR-Newsletter-Daily-&amp;utm_content=Newsletter&amp;utm_term=20241026<\/a><\/span><\/p>\n","protected":false},"excerpt":{"rendered":"<p>\u00a0 \u00a0 Le bapt\u00eame de Clovis conduit g\u00e9n\u00e9ralement \u00e0 parler du \u201cbapt\u00eame de la France\u201d, alors m\u00eame qu\u2019il est impossible de baptiser un pays. D\u2019o\u00f9 vient cette tradition et est-ce&#8230; <a href=\"https:\/\/charte-fontevrault-providentialisme.fr\/index.php\/2024\/10\/26\/496-bapteme-de-clovis-ou-et-bapteme-de-la-france\/\">Cliquez pour lire davantage &raquo;<\/a><\/p>\n","protected":false},"author":2,"featured_media":0,"comment_status":"open","ping_status":"open","sticky":false,"template":"","format":"standard","meta":{"footnotes":""},"categories":[30912,30913],"tags":[32621,34789,32603,34790,10468],"class_list":["post-62220","post","type-post","status-publish","format-standard","hentry","category-action-catholique","category-action-providentialiste","tag-bapteme-de-clovis-496","tag-bapteme-de-la-france-496","tag-clovis-466-481-511-roi-des-francs","tag-gregoire-de-tours-538-539-594","tag-https-fr-aleteia-org"],"_links":{"self":[{"href":"https:\/\/charte-fontevrault-providentialisme.fr\/index.php\/wp-json\/wp\/v2\/posts\/62220","targetHints":{"allow":["GET"]}}],"collection":[{"href":"https:\/\/charte-fontevrault-providentialisme.fr\/index.php\/wp-json\/wp\/v2\/posts"}],"about":[{"href":"https:\/\/charte-fontevrault-providentialisme.fr\/index.php\/wp-json\/wp\/v2\/types\/post"}],"author":[{"embeddable":true,"href":"https:\/\/charte-fontevrault-providentialisme.fr\/index.php\/wp-json\/wp\/v2\/users\/2"}],"replies":[{"embeddable":true,"href":"https:\/\/charte-fontevrault-providentialisme.fr\/index.php\/wp-json\/wp\/v2\/comments?post=62220"}],"version-history":[{"count":2,"href":"https:\/\/charte-fontevrault-providentialisme.fr\/index.php\/wp-json\/wp\/v2\/posts\/62220\/revisions"}],"predecessor-version":[{"id":62222,"href":"https:\/\/charte-fontevrault-providentialisme.fr\/index.php\/wp-json\/wp\/v2\/posts\/62220\/revisions\/62222"}],"wp:attachment":[{"href":"https:\/\/charte-fontevrault-providentialisme.fr\/index.php\/wp-json\/wp\/v2\/media?parent=62220"}],"wp:term":[{"taxonomy":"category","embeddable":true,"href":"https:\/\/charte-fontevrault-providentialisme.fr\/index.php\/wp-json\/wp\/v2\/categories?post=62220"},{"taxonomy":"post_tag","embeddable":true,"href":"https:\/\/charte-fontevrault-providentialisme.fr\/index.php\/wp-json\/wp\/v2\/tags?post=62220"}],"curies":[{"name":"wp","href":"https:\/\/api.w.org\/{rel}","templated":true}]}}