{"id":62223,"date":"2024-10-29T10:32:06","date_gmt":"2024-10-29T09:32:06","guid":{"rendered":"https:\/\/charte-fontevrault-providentialisme.fr\/?p=62223"},"modified":"2024-10-29T08:40:02","modified_gmt":"2024-10-29T07:40:02","slug":"miracle-lors-de-lincendie-de-notre-dame-15-16-avril-2019-les-debris-de-la-voute-effondree-ont-epargne-la-statue-de-la-vierge-marie","status":"publish","type":"post","link":"https:\/\/charte-fontevrault-providentialisme.fr\/index.php\/2024\/10\/29\/miracle-lors-de-lincendie-de-notre-dame-15-16-avril-2019-les-debris-de-la-voute-effondree-ont-epargne-la-statue-de-la-vierge-marie\/","title":{"rendered":"Miracle lors de l&#8217;incendie de Notre-Dame (15-16 avril 2019). Les  d\u00e9bris de la Vo\u00fbte effondr\u00e9e ont \u00e9pargn\u00e9 la statue de la Vierge Marie."},"content":{"rendered":"<div id=\"attachment_62224\" style=\"width: 2632px\" class=\"wp-caption alignright\"><img loading=\"lazy\" decoding=\"async\" aria-describedby=\"caption-attachment-62224\" class=\"wp-image-62224 size-full\" src=\"https:\/\/charte-fontevrault-providentialisme.fr\/wp-content\/uploads\/2024\/10\/Capture-decran-2024-10-26-a-19.11.53.png\" alt=\"\" width=\"2622\" height=\"1504\" srcset=\"https:\/\/charte-fontevrault-providentialisme.fr\/wp-content\/uploads\/2024\/10\/Capture-decran-2024-10-26-a-19.11.53.png 2622w, https:\/\/charte-fontevrault-providentialisme.fr\/wp-content\/uploads\/2024\/10\/Capture-decran-2024-10-26-a-19.11.53-300x172.png 300w, https:\/\/charte-fontevrault-providentialisme.fr\/wp-content\/uploads\/2024\/10\/Capture-decran-2024-10-26-a-19.11.53-1024x587.png 1024w, https:\/\/charte-fontevrault-providentialisme.fr\/wp-content\/uploads\/2024\/10\/Capture-decran-2024-10-26-a-19.11.53-768x441.png 768w, https:\/\/charte-fontevrault-providentialisme.fr\/wp-content\/uploads\/2024\/10\/Capture-decran-2024-10-26-a-19.11.53-1536x881.png 1536w, https:\/\/charte-fontevrault-providentialisme.fr\/wp-content\/uploads\/2024\/10\/Capture-decran-2024-10-26-a-19.11.53-2048x1175.png 2048w, https:\/\/charte-fontevrault-providentialisme.fr\/wp-content\/uploads\/2024\/10\/Capture-decran-2024-10-26-a-19.11.53-624x358.png 624w, https:\/\/charte-fontevrault-providentialisme.fr\/wp-content\/uploads\/2024\/10\/Capture-decran-2024-10-26-a-19.11.53-1320x757.png 1320w\" sizes=\"auto, (max-width: 2622px) 100vw, 2622px\" \/><p id=\"caption-attachment-62224\" class=\"wp-caption-text\"><span style=\"font-size: 12pt;\"><a href=\"https:\/\/www.youtube.com\/watch?v=3s3xpAoCJ7E\">https:\/\/www.youtube.com\/watch?v=3s3xpAoCJ7E<\/a><\/span><\/p><\/div>\n","protected":false},"excerpt":{"rendered":"","protected":false},"author":2,"featured_media":0,"comment_status":"open","ping_status":"open","sticky":false,"template":"","format":"standard","meta":{"footnotes":""},"categories":[30912,30913],"tags":[],"class_list":["post-62223","post","type-post","status-publish","format-standard","hentry","category-action-catholique","category-action-providentialiste"],"_links":{"self":[{"href":"https:\/\/charte-fontevrault-providentialisme.fr\/index.php\/wp-json\/wp\/v2\/posts\/62223","targetHints":{"allow":["GET"]}}],"collection":[{"href":"https:\/\/charte-fontevrault-providentialisme.fr\/index.php\/wp-json\/wp\/v2\/posts"}],"about":[{"href":"https:\/\/charte-fontevrault-providentialisme.fr\/index.php\/wp-json\/wp\/v2\/types\/post"}],"author":[{"embeddable":true,"href":"https:\/\/charte-fontevrault-providentialisme.fr\/index.php\/wp-json\/wp\/v2\/users\/2"}],"replies":[{"embeddable":true,"href":"https:\/\/charte-fontevrault-providentialisme.fr\/index.php\/wp-json\/wp\/v2\/comments?post=62223"}],"version-history":[{"count":2,"href":"https:\/\/charte-fontevrault-providentialisme.fr\/index.php\/wp-json\/wp\/v2\/posts\/62223\/revisions"}],"predecessor-version":[{"id":62226,"href":"https:\/\/charte-fontevrault-providentialisme.fr\/index.php\/wp-json\/wp\/v2\/posts\/62223\/revisions\/62226"}],"wp:attachment":[{"href":"https:\/\/charte-fontevrault-providentialisme.fr\/index.php\/wp-json\/wp\/v2\/media?parent=62223"}],"wp:term":[{"taxonomy":"category","embeddable":true,"href":"https:\/\/charte-fontevrault-providentialisme.fr\/index.php\/wp-json\/wp\/v2\/categories?post=62223"},{"taxonomy":"post_tag","embeddable":true,"href":"https:\/\/charte-fontevrault-providentialisme.fr\/index.php\/wp-json\/wp\/v2\/tags?post=62223"}],"curies":[{"name":"wp","href":"https:\/\/api.w.org\/{rel}","templated":true}]}}