{"id":62267,"date":"2024-10-29T15:00:53","date_gmt":"2024-10-29T14:00:53","guid":{"rendered":"https:\/\/charte-fontevrault-providentialisme.fr\/?p=62267"},"modified":"2024-10-29T10:11:23","modified_gmt":"2024-10-29T09:11:23","slug":"de-quelques-armoiries-capetiennes","status":"publish","type":"post","link":"https:\/\/charte-fontevrault-providentialisme.fr\/index.php\/2024\/10\/29\/de-quelques-armoiries-capetiennes\/","title":{"rendered":"De quelques armoiries cap\u00e9tiennes"},"content":{"rendered":"<p><span style=\"font-size: 12pt; color: #008000;\">\u00a0 \u00a0 \u00a0 Vous\u00a0 vous amuserez \u00e0 rep\u00e9rer les diff\u00e9rentes brisures souvent\u00a0 combin\u00e9es aidant \u00e0 diff\u00e9rencier les dif\u00e9rentes branches issues des Cap\u00e9tiens\u00a0<\/span><\/p>\n<ul>\n<li><span style=\"color: #008000;\">Lambel ( Orl\u00e9ans) (Clermont) (Angoul\u00eame)<\/span><\/li>\n<li><span style=\"color: #008000;\">Bordure (Alen\u00e7on) (Bourbon-Cond\u00e9) charg\u00e9e ou non de meubles (Valois d&#8217;Alen\u00e7on)<\/span><\/li>\n<li><span style=\"color: #008000;\">Bande (Bourbon-La Marche), parfois al\u00e9s\u00e9e (Bourbon &#8211; Cond\u00e9) voire m\u00eame charg\u00e9e de meubles (Bourbon-Montpensier)<\/span><\/li>\n<\/ul>\n<p><span style=\"font-size: 12pt; color: #800000;\">Pour ne rien dire de la\u00a0 combinaison de ces bordures<\/span><\/p>\n<ul>\n<li><span style=\"font-size: 12pt; color: #008000;\">Bourbon-Conti. D&#8217;azur \u00e0 trois fleurs de lys d&#8217;or au b\u00e2ton p\u00e9ri en bande de gueules en ab\u00eeme (Bourbon-Cond\u00e9) \u00e0 la bordure de gueules ( cette derni\u00e8re\u00a0 constituant une sur brisure)<\/span>.\u00a0 \u00a0 \u00a0 \u00a0 \u00a0 \u00a0 \u00a0 \u00a0 \u00a0 \u00a0 \u00a0 \u00a0 \u00a0 \u00a0 \u00a0 \u00a0\u00a0 \u00a0\u00a0 \u00a0\u00a0 \u00a0\u00a0 \u00a0\u00a0 \u00a0\u00a0 \u00a0\u00a0 \u00a0\u00a0 \u00a0\u00a0 \u00a0\u00a0 \u00a0\u00a0 \u00a0\u00a0 \u00a0\u00a0 \u00a0\u00a0 \u00a0\u00a0 \u00a0\u00a0 <span style=\"font-size: 12pt;\">\u00a0<a href=\"https:\/\/man8rove.com\/fr\/blason\/bwc2nr4-bourbon-conti#google_vignette\">\u00a0https:\/\/man8rove.com\/fr\/blason\/bwc2nr4-bourbon-conti#google_vignette<\/a><\/span><\/li>\n<\/ul>\n<div id=\"attachment_62268\" style=\"width: 635px\" class=\"wp-caption alignleft\"><img loading=\"lazy\" decoding=\"async\" aria-describedby=\"caption-attachment-62268\" class=\"wp-image-62268 size-large\" src=\"https:\/\/charte-fontevrault-providentialisme.fr\/wp-content\/uploads\/2024\/10\/Capture-decran-2024-10-29-a-08.55.22-1024x566.png\" alt=\"\" width=\"625\" height=\"345\" srcset=\"https:\/\/charte-fontevrault-providentialisme.fr\/wp-content\/uploads\/2024\/10\/Capture-decran-2024-10-29-a-08.55.22-1024x566.png 1024w, https:\/\/charte-fontevrault-providentialisme.fr\/wp-content\/uploads\/2024\/10\/Capture-decran-2024-10-29-a-08.55.22-300x166.png 300w, https:\/\/charte-fontevrault-providentialisme.fr\/wp-content\/uploads\/2024\/10\/Capture-decran-2024-10-29-a-08.55.22-768x425.png 768w, https:\/\/charte-fontevrault-providentialisme.fr\/wp-content\/uploads\/2024\/10\/Capture-decran-2024-10-29-a-08.55.22-1536x849.png 1536w, https:\/\/charte-fontevrault-providentialisme.fr\/wp-content\/uploads\/2024\/10\/Capture-decran-2024-10-29-a-08.55.22-2048x1133.png 2048w, https:\/\/charte-fontevrault-providentialisme.fr\/wp-content\/uploads\/2024\/10\/Capture-decran-2024-10-29-a-08.55.22-624x345.png 624w, https:\/\/charte-fontevrault-providentialisme.fr\/wp-content\/uploads\/2024\/10\/Capture-decran-2024-10-29-a-08.55.22-1320x730.png 1320w\" sizes=\"auto, (max-width: 625px) 100vw, 625px\" \/><p id=\"caption-attachment-62268\" class=\"wp-caption-text\"><a href=\"https:\/\/man8rove.com\/fr\/blason\/pbxrpq1-france\">https:\/\/man8rove.com\/fr\/blason\/pbxrpq1-france<\/a><\/p><\/div>\n<div id=\"attachment_62273\" style=\"width: 635px\" class=\"wp-caption alignright\"><img loading=\"lazy\" decoding=\"async\" aria-describedby=\"caption-attachment-62273\" class=\"wp-image-62273 size-large\" src=\"https:\/\/charte-fontevrault-providentialisme.fr\/wp-content\/uploads\/2024\/10\/Capture-decran-2024-10-29-a-09.10.26-1024x462.png\" alt=\"\" width=\"625\" height=\"282\" srcset=\"https:\/\/charte-fontevrault-providentialisme.fr\/wp-content\/uploads\/2024\/10\/Capture-decran-2024-10-29-a-09.10.26-1024x462.png 1024w, https:\/\/charte-fontevrault-providentialisme.fr\/wp-content\/uploads\/2024\/10\/Capture-decran-2024-10-29-a-09.10.26-300x135.png 300w, https:\/\/charte-fontevrault-providentialisme.fr\/wp-content\/uploads\/2024\/10\/Capture-decran-2024-10-29-a-09.10.26-768x347.png 768w, https:\/\/charte-fontevrault-providentialisme.fr\/wp-content\/uploads\/2024\/10\/Capture-decran-2024-10-29-a-09.10.26-1536x693.png 1536w, https:\/\/charte-fontevrault-providentialisme.fr\/wp-content\/uploads\/2024\/10\/Capture-decran-2024-10-29-a-09.10.26-624x282.png 624w, https:\/\/charte-fontevrault-providentialisme.fr\/wp-content\/uploads\/2024\/10\/Capture-decran-2024-10-29-a-09.10.26-1320x596.png 1320w, https:\/\/charte-fontevrault-providentialisme.fr\/wp-content\/uploads\/2024\/10\/Capture-decran-2024-10-29-a-09.10.26.png 1644w\" sizes=\"auto, (max-width: 625px) 100vw, 625px\" \/><p id=\"caption-attachment-62273\" class=\"wp-caption-text\">https:\/\/man8rove.com\/fr\/blason\/pbxrpq1-france<\/p><\/div>\n<p>&nbsp;<\/p>\n<p>&nbsp;<\/p>\n<p>&nbsp;<\/p>\n","protected":false},"excerpt":{"rendered":"<p>\u00a0 \u00a0 \u00a0 Vous\u00a0 vous amuserez \u00e0 rep\u00e9rer les diff\u00e9rentes brisures souvent\u00a0 combin\u00e9es aidant \u00e0 diff\u00e9rencier les dif\u00e9rentes branches issues des Cap\u00e9tiens\u00a0 Lambel ( Orl\u00e9ans) (Clermont) (Angoul\u00eame) Bordure (Alen\u00e7on) (Bourbon-Cond\u00e9)&#8230; <a href=\"https:\/\/charte-fontevrault-providentialisme.fr\/index.php\/2024\/10\/29\/de-quelques-armoiries-capetiennes\/\">Cliquez pour lire davantage &raquo;<\/a><\/p>\n","protected":false},"author":2,"featured_media":0,"comment_status":"open","ping_status":"open","sticky":false,"template":"","format":"standard","meta":{"footnotes":""},"categories":[6],"tags":[],"class_list":["post-62267","post","type-post","status-publish","format-standard","hentry","category-art-heraldique"],"_links":{"self":[{"href":"https:\/\/charte-fontevrault-providentialisme.fr\/index.php\/wp-json\/wp\/v2\/posts\/62267","targetHints":{"allow":["GET"]}}],"collection":[{"href":"https:\/\/charte-fontevrault-providentialisme.fr\/index.php\/wp-json\/wp\/v2\/posts"}],"about":[{"href":"https:\/\/charte-fontevrault-providentialisme.fr\/index.php\/wp-json\/wp\/v2\/types\/post"}],"author":[{"embeddable":true,"href":"https:\/\/charte-fontevrault-providentialisme.fr\/index.php\/wp-json\/wp\/v2\/users\/2"}],"replies":[{"embeddable":true,"href":"https:\/\/charte-fontevrault-providentialisme.fr\/index.php\/wp-json\/wp\/v2\/comments?post=62267"}],"version-history":[{"count":7,"href":"https:\/\/charte-fontevrault-providentialisme.fr\/index.php\/wp-json\/wp\/v2\/posts\/62267\/revisions"}],"predecessor-version":[{"id":62280,"href":"https:\/\/charte-fontevrault-providentialisme.fr\/index.php\/wp-json\/wp\/v2\/posts\/62267\/revisions\/62280"}],"wp:attachment":[{"href":"https:\/\/charte-fontevrault-providentialisme.fr\/index.php\/wp-json\/wp\/v2\/media?parent=62267"}],"wp:term":[{"taxonomy":"category","embeddable":true,"href":"https:\/\/charte-fontevrault-providentialisme.fr\/index.php\/wp-json\/wp\/v2\/categories?post=62267"},{"taxonomy":"post_tag","embeddable":true,"href":"https:\/\/charte-fontevrault-providentialisme.fr\/index.php\/wp-json\/wp\/v2\/tags?post=62267"}],"curies":[{"name":"wp","href":"https:\/\/api.w.org\/{rel}","templated":true}]}}