{"id":62679,"date":"2024-11-25T10:32:44","date_gmt":"2024-11-25T09:32:44","guid":{"rendered":"https:\/\/charte-fontevrault-providentialisme.fr\/?p=62679"},"modified":"2024-11-25T11:59:03","modified_gmt":"2024-11-25T10:59:03","slug":"les-decorations-de-noel-a-nantes-seraient-elles-quelque-peu-sataniques-av-ec-un-mouflon-ou-un-bouc","status":"publish","type":"post","link":"https:\/\/charte-fontevrault-providentialisme.fr\/index.php\/2024\/11\/25\/les-decorations-de-noel-a-nantes-seraient-elles-quelque-peu-sataniques-av-ec-un-mouflon-ou-un-bouc\/","title":{"rendered":"Les d\u00e9corations de No\u00eal \u00e0 Nantes seraient-elles quelque peu sataniques  av ec un mouflon  ( ou un bouc) ?"},"content":{"rendered":"<div id=\"attachment_62680\" style=\"width: 635px\" class=\"wp-caption alignleft\"><img loading=\"lazy\" decoding=\"async\" aria-describedby=\"caption-attachment-62680\" class=\"wp-image-62680 size-large\" src=\"https:\/\/charte-fontevrault-providentialisme.fr\/wp-content\/uploads\/2024\/11\/Capture-decran-2024-11-25-a-11.46.23-1024x617.png\" alt=\"\" width=\"625\" height=\"377\" srcset=\"https:\/\/charte-fontevrault-providentialisme.fr\/wp-content\/uploads\/2024\/11\/Capture-decran-2024-11-25-a-11.46.23-1024x617.png 1024w, https:\/\/charte-fontevrault-providentialisme.fr\/wp-content\/uploads\/2024\/11\/Capture-decran-2024-11-25-a-11.46.23-300x181.png 300w, https:\/\/charte-fontevrault-providentialisme.fr\/wp-content\/uploads\/2024\/11\/Capture-decran-2024-11-25-a-11.46.23-768x463.png 768w, https:\/\/charte-fontevrault-providentialisme.fr\/wp-content\/uploads\/2024\/11\/Capture-decran-2024-11-25-a-11.46.23-624x376.png 624w, https:\/\/charte-fontevrault-providentialisme.fr\/wp-content\/uploads\/2024\/11\/Capture-decran-2024-11-25-a-11.46.23-1320x796.png 1320w, https:\/\/charte-fontevrault-providentialisme.fr\/wp-content\/uploads\/2024\/11\/Capture-decran-2024-11-25-a-11.46.23.png 1354w\" sizes=\"auto, (max-width: 625px) 100vw, 625px\" \/><p id=\"caption-attachment-62680\" class=\"wp-caption-text\"><span style=\"font-size: 12pt; color: #0000ff;\">https:\/\/www.ouest-france.fr\/culture\/un-mouflon-sest-invite-au-marche-de-noel-de-nantes-817148a8-a724-11ef-9190-7abd4499cf18<\/span><\/p><\/div>\n","protected":false},"excerpt":{"rendered":"","protected":false},"author":2,"featured_media":0,"comment_status":"open","ping_status":"open","sticky":false,"template":"","format":"standard","meta":{"footnotes":""},"categories":[1],"tags":[4130,34869,11341,34870],"class_list":["post-62679","post","type-post","status-publish","format-standard","hentry","category-non-classe","tag-commune-de-nantes-44000","tag-decorations-de-noel","tag-https-www-ouest-france-fr","tag-mouflon"],"_links":{"self":[{"href":"https:\/\/charte-fontevrault-providentialisme.fr\/index.php\/wp-json\/wp\/v2\/posts\/62679","targetHints":{"allow":["GET"]}}],"collection":[{"href":"https:\/\/charte-fontevrault-providentialisme.fr\/index.php\/wp-json\/wp\/v2\/posts"}],"about":[{"href":"https:\/\/charte-fontevrault-providentialisme.fr\/index.php\/wp-json\/wp\/v2\/types\/post"}],"author":[{"embeddable":true,"href":"https:\/\/charte-fontevrault-providentialisme.fr\/index.php\/wp-json\/wp\/v2\/users\/2"}],"replies":[{"embeddable":true,"href":"https:\/\/charte-fontevrault-providentialisme.fr\/index.php\/wp-json\/wp\/v2\/comments?post=62679"}],"version-history":[{"count":2,"href":"https:\/\/charte-fontevrault-providentialisme.fr\/index.php\/wp-json\/wp\/v2\/posts\/62679\/revisions"}],"predecessor-version":[{"id":62682,"href":"https:\/\/charte-fontevrault-providentialisme.fr\/index.php\/wp-json\/wp\/v2\/posts\/62679\/revisions\/62682"}],"wp:attachment":[{"href":"https:\/\/charte-fontevrault-providentialisme.fr\/index.php\/wp-json\/wp\/v2\/media?parent=62679"}],"wp:term":[{"taxonomy":"category","embeddable":true,"href":"https:\/\/charte-fontevrault-providentialisme.fr\/index.php\/wp-json\/wp\/v2\/categories?post=62679"},{"taxonomy":"post_tag","embeddable":true,"href":"https:\/\/charte-fontevrault-providentialisme.fr\/index.php\/wp-json\/wp\/v2\/tags?post=62679"}],"curies":[{"name":"wp","href":"https:\/\/api.w.org\/{rel}","templated":true}]}}