{"id":62700,"date":"2024-11-26T10:32:42","date_gmt":"2024-11-26T09:32:42","guid":{"rendered":"https:\/\/charte-fontevrault-providentialisme.fr\/?p=62700"},"modified":"2024-11-26T10:10:16","modified_gmt":"2024-11-26T09:10:16","slug":"19-decembre-1778-naissance-de-marie-therese-charlotte-fille-de-marie-antoinette-et-de-louis-xvi","status":"publish","type":"post","link":"https:\/\/charte-fontevrault-providentialisme.fr\/index.php\/2024\/11\/26\/19-decembre-1778-naissance-de-marie-therese-charlotte-fille-de-marie-antoinette-et-de-louis-xvi\/","title":{"rendered":"19 d\u00e9cembre 1778.  Naissance de Marie-Th\u00e9r\u00e8se Charlotte fille de Marie-Antoinette et de Louis XVI"},"content":{"rendered":"<div>\n<div>\n<p>\u00a0 \u00a0 \u00a0 <span style=\"font-size: 12pt; color: #008000;\">Le 19 d\u00e9cembre 1778, la naissance de Marie-Th\u00e9r\u00e8se Charlotte, fille du roi Louis XVI et de la reine Marie-Antoinette, met fin aux rumeurs sur la st\u00e9rilit\u00e9 du couple royal. Au bout de huit ans de mariage, le couple royal donne enfin naissance \u00e0 l\u2019a\u00een\u00e9e de leurs quatre enfants. Elle re\u00e7oit le titre de Madame, fille de Roi, et sera appel\u00e9e plus tard &#8220;Madame Royale&#8221;. Sa m\u00e8re, Marie-Antoinette, la surnomme affectueusement &#8220;Mousseline&#8221;. Dans ses <em>M\u00e9moires<\/em>, Madame Campan raconte la naissance de la petite princesse. Lorsqu\u2019on pr\u00e9sente l\u2019enfant \u00e0 Marie-Antoinette, elle la presse sur son c\u0153ur en disant\u00a0:<em> &#8220;Pauvre petite, vous n\u2019\u00e9tiez pas d\u00e9sir\u00e9e, mais vous ne m\u2019en serez pas moins ch\u00e8re. Un fils e\u00fbt plus particuli\u00e8rement appartenu \u00e0 l\u2019\u00c9tat. Vous serez \u00e0 moi\u00a0; vous aurez tous mes soins, vous partagerez mon bonheur et vous adoucirez mes peines<\/em>.&#8221; Marie-Th\u00e9r\u00e8se Charlotte est baptis\u00e9e le jour de sa naissance dans la\u00a0chapelle du ch\u00e2teau\u00a0de Versailles.<\/span><\/p>\n<\/div>\n<div class=\"Ad_wrapper__B_hxA Ad_inread__uIRMY\">\n<div id=\"infeed_1_desktop\" class=\"adslot ay\" data-ay-manager-id=\"infeed_1_desktop\">\n<div id=\"infeed_1_desktop__ayManagerEnv__2\"><\/div>\n<\/div>\n<\/div>\n<\/div>\n<div>\n<div>\n<p><span style=\"font-size: 12pt; color: #008000;\">\u00a0 \u00a0 \u00a0 \u00c0 Paris, le canon de l\u2019H\u00f4tel royal des Invalides tonne pour c\u00e9l\u00e9brer l\u2019&#8221;ouverture du ventre&#8221; de la reine. Le samedi 26 d\u00e9cembre, le <em>Te Deum <\/em>s\u2019\u00e9l\u00e8ve jusqu\u2019aux vo\u00fbtes de la cath\u00e9drale Notre-Dame. Des pots \u00e0 feu illuminent les rues et des fus\u00e9es volantes embrasent le ciel. Le vin coule aux fontaines, du pain et du cervelas sont offerts aux pauvres, des prisonniers sont lib\u00e9r\u00e9s et la Com\u00e9die Fran\u00e7aise joue gratuitement.<\/span><\/p>\n<p><span style=\"font-size: 12pt; color: #008000;\">\u00a0 \u00a0 \u00a0La reine tient \u00e0 ce que la naissance de sa fille soit f\u00eat\u00e9e avec autant de faste que la naissance d\u2019un dauphin. N\u00e9anmoins, elle d\u00e9cide d\u2019allouer une partie de la somme offerte par la municipalit\u00e9 de Paris au financement du mariage de 100 couples de la capitale, dont les unions seront c\u00e9l\u00e9br\u00e9es le m\u00eame jour \u00e0 la cath\u00e9drale Notre-Dame en pr\u00e9sence du couple royal. Les cur\u00e9s des paroisses parisiennes sont charg\u00e9s de s\u00e9lectionner les jeunes filles les plus m\u00e9ritantes, qui b\u00e9n\u00e9ficieront chacune d\u2019une dot de 500 livres, d\u2019un trousseau remis le jour du mariage ainsi que d\u2019une allocation mensuelle pendant un an \u00e0 la naissance d\u2019un premier enfant (allocation major\u00e9e si la m\u00e8re allaite !). &#8220;<em>On donnera la pr\u00e9f\u00e9rence aux couples qui se connaissent depuis longtemps et qui n&#8217;attendent peut-\u00eatre que des circonstances favorables pour se marier<\/em>&#8220;, pr\u00e9cise le <em><a style=\"color: #008000;\" title=\"Journal de Paris\" href=\"https:\/\/gallica.bnf.fr\/ark:\/12148\/bpt6k1050105z\/f3.item\" target=\"_blank\" rel=\"noopener\">Journal de Paris<\/a><\/em>\u00a0en date du 7\u00a0f\u00e9vrier\u00a01779. Choix politique ou volont\u00e9 de redorer l&#8217;image de Marie-Antoinette\u00a0? Il n&#8217;emp\u00eache, l&#8217;histoire est belle\u00a0!<\/span><\/p>\n<p>&#8230;&#8230;..<\/p>\n<\/div>\n<\/div>\n<p><a href=\"https:\/\/fr.aleteia.org\/2024\/11\/25\/les-100-mariees-de-notre-dame-de-paris?utm_medium=email&amp;utm_source=sendgrid&amp;utm_campaign=EM-FR-Newsletter-Daily-&amp;utm_content=Newsletter&amp;utm_term=20241126\">https:\/\/fr.aleteia.org\/2024\/11\/25\/les-100-mariees-de-notre-dame-de-paris?utm_medium=email&amp;utm_source=sendgrid&amp;utm_campaign=EM-FR-Newsletter-Daily-&amp;utm_content=Newsletter&amp;utm_term=20241126<\/a><\/p>\n","protected":false},"excerpt":{"rendered":"<p>\u00a0 \u00a0 \u00a0 Le 19 d\u00e9cembre 1778, la naissance de Marie-Th\u00e9r\u00e8se Charlotte, fille du roi Louis XVI et de la reine Marie-Antoinette, met fin aux rumeurs sur la st\u00e9rilit\u00e9 du&#8230; <a href=\"https:\/\/charte-fontevrault-providentialisme.fr\/index.php\/2024\/11\/26\/19-decembre-1778-naissance-de-marie-therese-charlotte-fille-de-marie-antoinette-et-de-louis-xvi\/\">Cliquez pour lire davantage &raquo;<\/a><\/p>\n","protected":false},"author":2,"featured_media":0,"comment_status":"open","ping_status":"open","sticky":false,"template":"","format":"standard","meta":{"footnotes":""},"categories":[1],"tags":[10468,34871,33614],"class_list":["post-62700","post","type-post","status-publish","format-standard","hentry","category-non-classe","tag-https-fr-aleteia-org","tag-marie-therese-charlotte-de-france-1778-1851","tag-reine-marie-antoinette-de-france-1755-1774-1793"],"_links":{"self":[{"href":"https:\/\/charte-fontevrault-providentialisme.fr\/index.php\/wp-json\/wp\/v2\/posts\/62700","targetHints":{"allow":["GET"]}}],"collection":[{"href":"https:\/\/charte-fontevrault-providentialisme.fr\/index.php\/wp-json\/wp\/v2\/posts"}],"about":[{"href":"https:\/\/charte-fontevrault-providentialisme.fr\/index.php\/wp-json\/wp\/v2\/types\/post"}],"author":[{"embeddable":true,"href":"https:\/\/charte-fontevrault-providentialisme.fr\/index.php\/wp-json\/wp\/v2\/users\/2"}],"replies":[{"embeddable":true,"href":"https:\/\/charte-fontevrault-providentialisme.fr\/index.php\/wp-json\/wp\/v2\/comments?post=62700"}],"version-history":[{"count":3,"href":"https:\/\/charte-fontevrault-providentialisme.fr\/index.php\/wp-json\/wp\/v2\/posts\/62700\/revisions"}],"predecessor-version":[{"id":62704,"href":"https:\/\/charte-fontevrault-providentialisme.fr\/index.php\/wp-json\/wp\/v2\/posts\/62700\/revisions\/62704"}],"wp:attachment":[{"href":"https:\/\/charte-fontevrault-providentialisme.fr\/index.php\/wp-json\/wp\/v2\/media?parent=62700"}],"wp:term":[{"taxonomy":"category","embeddable":true,"href":"https:\/\/charte-fontevrault-providentialisme.fr\/index.php\/wp-json\/wp\/v2\/categories?post=62700"},{"taxonomy":"post_tag","embeddable":true,"href":"https:\/\/charte-fontevrault-providentialisme.fr\/index.php\/wp-json\/wp\/v2\/tags?post=62700"}],"curies":[{"name":"wp","href":"https:\/\/api.w.org\/{rel}","templated":true}]}}