{"id":62716,"date":"2024-11-28T10:32:43","date_gmt":"2024-11-28T09:32:43","guid":{"rendered":"https:\/\/charte-fontevrault-providentialisme.fr\/?p=62716"},"modified":"2024-11-28T10:30:05","modified_gmt":"2024-11-28T09:30:05","slug":"plaques-ornementales-armoriees-francois-xavier-bon-et-alban-peres","status":"publish","type":"post","link":"https:\/\/charte-fontevrault-providentialisme.fr\/index.php\/2024\/11\/28\/plaques-ornementales-armoriees-francois-xavier-bon-et-alban-peres\/","title":{"rendered":"Plaques ornementales armori\u00e9es. Fran\u00e7ois-Xavier Bon et Alban P\u00e9r\u00e9s."},"content":{"rendered":"<p><span style=\"font-size: 12pt; color: #008000;\">\u00a0 \u00a0 \u00a0Pr\u00e9empt\u00e9e par le mus\u00e9e de Cluny lors de la\u00a0 vente aux ench\u00e8res organis\u00e9e par la <a href=\"https:\/\/www.academia.edu\/\">maison Pierre Berger et Associ\u00e9s<\/a> \u00e0 Drouot-Richelieu (Paris) le 27 janvier 2021, une plaque m\u00e9di\u00e9vale armori\u00e9e (fig. 1), exceptionnelle tant par sa raret\u00e9 que par son \u00e9tat de conservation, a retenu notre attention et nous a amen\u00e9s \u00e0 nous pencher sur ce type d\u2019artefact qui, \u00e0 notre connaissance, n\u2019a pas encore fait l\u2019objet d\u2019\u00e9tudes<\/span><\/p>\n<p><span style=\"font-size: 12pt; color: #008000;\"><img loading=\"lazy\" decoding=\"async\" class=\"wp-image-62717 alignleft\" src=\"https:\/\/charte-fontevrault-providentialisme.fr\/wp-content\/uploads\/2024\/11\/Capture-decran-2024-11-28-a-10.04.47.png\" alt=\"\" width=\"280\" height=\"481\" srcset=\"https:\/\/charte-fontevrault-providentialisme.fr\/wp-content\/uploads\/2024\/11\/Capture-decran-2024-11-28-a-10.04.47.png 574w, https:\/\/charte-fontevrault-providentialisme.fr\/wp-content\/uploads\/2024\/11\/Capture-decran-2024-11-28-a-10.04.47-175x300.png 175w\" sizes=\"auto, (max-width: 280px) 100vw, 280px\" \/><\/span><\/p>\n<p><span style=\"font-size: 12pt; color: #008000;\">\u00a0 \u00a0 \u00a0 Les plaques dont il est question dans cet article sont similaires par le th\u00e8me trait\u00e9. Ellesr epr\u00e9sentent toutes (avec quelques variantes techniques et iconographiques) un chevalier\u00a0 brandissant une \u00e9p\u00e9e. Celui-ci est \u00e9quip\u00e9 d\u2019un heaume, d\u2019un haubert par-dessus lequel est appos\u00e9 un<strong> tabard armori\u00e9<\/strong>, ainsi que d\u2019un bouclier \u00e9galement d\u00e9cor\u00e9 d\u2019armoiries. Le cavalierchevauche un destrier v\u00eatu d\u2019un capara\u00e7on d\u00e9cor\u00e9 lui aussi des armes du cavalier. Ce th\u00e8me guerrier a fleuri durant la seconde partie du Moyen \u00c2ge<\/span><\/p>\n<p><span style=\"color: #ff6600;\">Tous droits r\u00e9serv\u00e9s \u00e0 la Biblioth\u00e8que nationale de France, Paris.<\/span><\/p>\n<p>&nbsp;<\/p>\n<p><img loading=\"lazy\" decoding=\"async\" class=\"aligncenter wp-image-62719 size-full\" src=\"https:\/\/charte-fontevrault-providentialisme.fr\/wp-content\/uploads\/2024\/11\/Capture-decran-2024-11-28-a-10.11.35.png\" alt=\"\" width=\"1516\" height=\"1030\" srcset=\"https:\/\/charte-fontevrault-providentialisme.fr\/wp-content\/uploads\/2024\/11\/Capture-decran-2024-11-28-a-10.11.35.png 1516w, https:\/\/charte-fontevrault-providentialisme.fr\/wp-content\/uploads\/2024\/11\/Capture-decran-2024-11-28-a-10.11.35-300x204.png 300w, https:\/\/charte-fontevrault-providentialisme.fr\/wp-content\/uploads\/2024\/11\/Capture-decran-2024-11-28-a-10.11.35-1024x696.png 1024w, https:\/\/charte-fontevrault-providentialisme.fr\/wp-content\/uploads\/2024\/11\/Capture-decran-2024-11-28-a-10.11.35-768x522.png 768w, https:\/\/charte-fontevrault-providentialisme.fr\/wp-content\/uploads\/2024\/11\/Capture-decran-2024-11-28-a-10.11.35-624x424.png 624w, https:\/\/charte-fontevrault-providentialisme.fr\/wp-content\/uploads\/2024\/11\/Capture-decran-2024-11-28-a-10.11.35-1320x897.png 1320w\" sizes=\"auto, (max-width: 1516px) 100vw, 1516px\" \/><\/p>\n<p><span style=\"font-size: 12pt;\"><a href=\"https:\/\/www.academia.edu\/62845557\/Plaques_ornementales_\u00e9questres_armori\u00e9es?email_work_card=view-paper\">https:\/\/www.academia.edu\/62845557\/Plaques_ornementales_\u00e9questres_armori\u00e9es?email_work_card=view-paper<\/a><\/span><\/p>\n","protected":false},"excerpt":{"rendered":"<p>\u00a0 \u00a0 \u00a0Pr\u00e9empt\u00e9e par le mus\u00e9e de Cluny lors de la\u00a0 vente aux ench\u00e8res organis\u00e9e par la maison Pierre Berger et Associ\u00e9s \u00e0 Drouot-Richelieu (Paris) le 27 janvier 2021, une&#8230; <a href=\"https:\/\/charte-fontevrault-providentialisme.fr\/index.php\/2024\/11\/28\/plaques-ornementales-armoriees-francois-xavier-bon-et-alban-peres\/\">Cliquez pour lire davantage &raquo;<\/a><\/p>\n","protected":false},"author":2,"featured_media":0,"comment_status":"open","ping_status":"open","sticky":false,"template":"","format":"standard","meta":{"footnotes":""},"categories":[6],"tags":[34875,10835,34873,34874,34872,34876],"class_list":["post-62716","post","type-post","status-publish","format-standard","hentry","category-art-heraldique","tag-bibliothequenationale-de-france-paris","tag-https-www-academia-edu","tag-maison-pierre-berger-et-associes","tag-musee-national-du-moyen-age-de-cluny-75005-paris","tag-plaque-ornementale-armoriee","tag-tabard-armorie"],"_links":{"self":[{"href":"https:\/\/charte-fontevrault-providentialisme.fr\/index.php\/wp-json\/wp\/v2\/posts\/62716","targetHints":{"allow":["GET"]}}],"collection":[{"href":"https:\/\/charte-fontevrault-providentialisme.fr\/index.php\/wp-json\/wp\/v2\/posts"}],"about":[{"href":"https:\/\/charte-fontevrault-providentialisme.fr\/index.php\/wp-json\/wp\/v2\/types\/post"}],"author":[{"embeddable":true,"href":"https:\/\/charte-fontevrault-providentialisme.fr\/index.php\/wp-json\/wp\/v2\/users\/2"}],"replies":[{"embeddable":true,"href":"https:\/\/charte-fontevrault-providentialisme.fr\/index.php\/wp-json\/wp\/v2\/comments?post=62716"}],"version-history":[{"count":4,"href":"https:\/\/charte-fontevrault-providentialisme.fr\/index.php\/wp-json\/wp\/v2\/posts\/62716\/revisions"}],"predecessor-version":[{"id":62722,"href":"https:\/\/charte-fontevrault-providentialisme.fr\/index.php\/wp-json\/wp\/v2\/posts\/62716\/revisions\/62722"}],"wp:attachment":[{"href":"https:\/\/charte-fontevrault-providentialisme.fr\/index.php\/wp-json\/wp\/v2\/media?parent=62716"}],"wp:term":[{"taxonomy":"category","embeddable":true,"href":"https:\/\/charte-fontevrault-providentialisme.fr\/index.php\/wp-json\/wp\/v2\/categories?post=62716"},{"taxonomy":"post_tag","embeddable":true,"href":"https:\/\/charte-fontevrault-providentialisme.fr\/index.php\/wp-json\/wp\/v2\/tags?post=62716"}],"curies":[{"name":"wp","href":"https:\/\/api.w.org\/{rel}","templated":true}]}}