{"id":62724,"date":"2024-11-29T10:32:47","date_gmt":"2024-11-29T09:32:47","guid":{"rendered":"https:\/\/charte-fontevrault-providentialisme.fr\/?p=62724"},"modified":"2024-11-29T09:23:02","modified_gmt":"2024-11-29T08:23:02","slug":"la-ligue-des-droits-de-lhomme-a-failli-ne-pas-survivre-a-la-lecture-de-la-derniere-edition-du-dicrtonnaire-de-lacademie-francaise","status":"publish","type":"post","link":"https:\/\/charte-fontevrault-providentialisme.fr\/index.php\/2024\/11\/29\/la-ligue-des-droits-de-lhomme-a-failli-ne-pas-survivre-a-la-lecture-de-la-derniere-edition-du-dicrtonnaire-de-lacademie-francaise\/","title":{"rendered":"La ligue des droits de l&#8217;homme a failli ne pas survivre \u00e0 la lecture de la derni\u00e8re  \u00e9dition du Dictionnaire de l&#8217;Acad\u00e9mie Fran\u00e7aise."},"content":{"rendered":"<div class=\"article-header base-margin-top base-margin-bottom \">\n<h1 class=\"page-title\">\u00ab\u00a0Race\u00a0\u00bb, \u00ab\u00a0n\u00e9grillon\u00a0\u00bb, \u00ab\u00a0femme\u00a0\u00bb\u2026 L\u2019Acad\u00e9mie fran\u00e7aise pri\u00e9e de \u00ab\u00a0rectifier d\u2019urgence\u00a0\u00bb son dictionnaire<\/h1>\n<div class=\"reading-time\">\u00a0\u00a0Lecture 1 min<\/div>\n<div class=\"breadcrumb\"><a class=\"article-topic\" href=\"https:\/\/www.sudouest.fr\/\">Accueil<\/a>\u00a0<a class=\"article-topic\" href=\"https:\/\/www.sudouest.fr\/culture\/\">Culture<\/a><\/div>\n<figure class=\"back-button-target-horizon \"><img loading=\"lazy\" decoding=\"async\" id=\"4158832\" src=\"https:\/\/media.sudouest.fr\/22297470\/1000x500\/cc-benh-lieu-song-wikimedia.jpg?v=1732635157\" alt=\"\u00ab\u00a0Race\u00a0\u00bb, \u00ab\u00a0n\u00e9grillon\u00a0\u00bb, \u00ab\u00a0femme\u00a0\u00bb\u2026 L\u2019Acad\u00e9mie fran\u00e7aise pri\u00e9e de \u00ab\u00a0rectifier d\u2019urgence\u00a0\u00bb son dictionnaire\" width=\"1000\" height=\"500\" \/><figcaption class=\"caption\"><span style=\"color: #ff6600;\"><span class=\"\">Le si\u00e8ge de l\u2019Institut de France, qui abrite l\u2019Acad\u00e9mie fran\u00e7aise.<\/span>\u00a0<span class=\"credits\">\u00a9 Cr\u00e9dit photo : CC Benh Lieu Song &#8211; Wikimedia<\/span><\/span><\/figcaption><\/figure>\n<\/div>\n<div class=\"row no-overflow\">\n<div class=\"col-lg-2-3 main-content\">\n<div id=\"article-top-block\">\n<div class=\"publishing publishing-block\">\n<div class=\"publishing-author-name\">Par SudOuest.fr avec AFP<\/div>\n<div class=\"article-publishing-date\"><time datetime=\"2024-11-26T16:32:37+01:00\">Publi\u00e9 le 26\/11\/2024 \u00e0 16h32.<\/time><\/div>\n<div><\/div>\n<\/div>\n<\/div>\n<article class=\"article\" role=\"article\">\n<div class=\"article-content pub-disable article-article\">\n<div id=\"excerpt-block\" class=\"excerpt\">\n<p>\u00a0<span style=\"font-size: 12pt; color: #008000;\"> \u00a0 \u00a0Racisme, vision archa\u00efque de la soci\u00e9t\u00e9\u2026 La d\u00e9finition de plusieurs mots du nouveau dictionnaire de l\u2019Acad\u00e9mie fran\u00e7aise est probl\u00e9matique, selon la Ligue des droits de l\u2019homme qui demande \u00e0 l\u2019institution de faire des modifications<\/span><\/p>\n<\/div>\n<div class=\"full-content \">\n<div id=\"pub_dfp_inread1\" class=\"pub pub_dfp pub_dfp_inread1 downfrom-desktop adm-ad-empty\" data-google-query-id=\"\">\n<div id=\"google_ads_iframe_\/31755961,25384414\/gso_sudouest\/webdesktop\/article\/inread1_0__container__\"><\/div>\n<\/div>\n<p><span style=\"font-size: 12pt; color: #008000;\">\u00a0 \u00a0 La Ligue des droits de l\u2019homme (LDH) appelle \u00e0 \u00ab rectifier d\u2019urgence \u00bb<em> la d\u00e9finition de plusieurs mots du nouveau dictionnaire de l\u2019Acad\u00e9mie fran\u00e7aise comme \u00ab n\u00e9grillon \u00bb, \u00ab race \u00bb ou encore \u00ab femme \u00bb et dit sa \u00ab consternation \u00bb par cette vision du monde tel que le d\u00e9crit l\u2019ouvrage.<\/em> <strong><em>La LDH a d\u00e9couvert \u00ab\u00a0avec stup\u00e9faction et consternation que nombre de d\u00e9finitions participent d\u2019une vision au mieux archa\u00efque de notre monde\u00a0\u00bb, d\u00e9nonce mardi l\u2019organisation dans un communiqu\u00e9.<\/em><\/strong><\/span><\/p>\n<\/div>\n<\/div>\n<div class=\"article-content article-article\">\n<div class=\"full-content \">\n<p><span style=\"font-size: 12pt; color: #008000;\">\u00a0 \u00a0 \u00a0 \u00a0\u00ab Le traitement du r<strong>acisme,<\/strong> lourd d\u2019enjeux dans le monde o\u00f9 nous vivons\u00a0\u00bb, est \u00ab\u00a0sid\u00e9rant\u00a0\u00bb, poursuit-elle \u00e0 propos de l\u2019ouvrage dont la neuvi\u00e8me \u00e9dition a \u00e9t\u00e9 remise solennellement au pr\u00e9sident Emmanuel Macron le 14\u00a0novembre.<\/span><\/p>\n<h2 class=\"article-subtitle\"><span style=\"font-size: 12pt; color: #008000;\">\u00ab\u00a0Aucune distance\u00a0\u00bb<\/span><\/h2>\n<p><span style=\"font-size: 12pt; color: #008000;\">\u00a0 \u00a0 La \u00ab <strong>race<\/strong> \u00bb est ainsi d\u00e9finie dans le dictionnaire comme \u00ab <em>chacun des grands groupes entre lesquels on r\u00e9partit superficiellement l\u2019esp\u00e8ce humaine d\u2019apr\u00e8s les caract\u00e8res physiques distinctifs qui se sont maintenus ou sont apparus chez les uns et les autres, du fait de leur isolement g\u00e9ographique pendant des p\u00e9riodes prolong\u00e9es<\/em> \u00bb.<\/span><\/p>\n<p><span style=\"font-size: 12pt; color: #008000;\">\u00a0 \u00a0 \u00a0 Au mot \u00ab<strong>\u00a0jaune<\/strong>\u00a0\u00bb on peut aussi lire qu\u2019il s\u2019agit d&#8217;\u00ab\u00a0<em>une personne ou une population caract\u00e9ris\u00e9e notamment par la pigmentation jaune ou cuivr\u00e9e de la peau, par opposition \u00e0 Blanc et \u00e0 Noir<\/em>\u00a0\u00bb, s\u2019indigne la LDH.<\/span><\/p>\n<div id=\"pub_dfp_inread2\" class=\"pub pub_dfp pub_dfp_inread2 downfrom-desktop adm-ad-empty\" data-google-query-id=\"\">\n<div id=\"google_ads_iframe_\/31755961,25384414\/gso_sudouest\/webdesktop\/article\/inread2_0__container__\"><\/div>\n<\/div>\n<p><span style=\"font-size: 12pt; color: #008000;\">\u00a0 \u00a0 \u00a0L\u2019association pointe \u00e9galement la pr\u00e9sence du mot \u00ab<strong>\u00a0n\u00e9grillon<\/strong>\u00a0\u00bb qui dans le dictionnaire consultable en ligne renvoie \u00e0 \u00ab\u00a0petit enfant noir\u00a0\u00bb ou celle encore de \u00ab\u00a0n\u00e9gro\u00efde\u00a0\u00bb comme personne pr\u00e9sentant \u00ab\u00a0certaines des caract\u00e9ristiques morphologiques des populations noires\u00a0\u00bb.<\/span><\/p>\n<p><span style=\"font-size: 12pt; color: #008000;\">\u00a0 \u00a0 \u00a0\u00ab Aucune distance n\u2019est marqu\u00e9e avec ces entr\u00e9es, aucune d\u2019entre elles n\u2019est signal\u00e9e comme discriminante ou p\u00e9jorative \u00bb, souligne la LDH qui demande \u00e0 \u00ab rectifier d\u2019urgence \u00bb cette \u00e9dition. Dans un autre registre, la <strong>femme<\/strong> est qualifi\u00e9e comme \u00ab <em>un \u00eatre humain d\u00e9fini par ses caract\u00e8res sexuels qui lui permettent de concevoir et de mettre au monde des enfants \u00bb, pointe la LDH.<\/em> \u00ab Faut-il en conclure qu\u2019une femme st\u00e9rile ou m\u00e9nopaus\u00e9e n\u2019en est pas une ? \u00bb, s\u2019interroge-t-elle.<\/span><\/p>\n<h2 class=\"article-subtitle\"><span style=\"font-size: 12pt; color: #008000;\">Vers une modification en ligne\u00a0?<\/span><\/h2>\n<p><span style=\"font-size: 12pt; color: #008000;\">\u00a0 \u00a0 \u00a0 \u00a0 Elle \u00e9pingle \u00e9galement la d\u00e9finition de l<strong>\u2019h\u00e9t\u00e9rosexualit\u00e9<\/strong> qui est d\u00e9crite comme une relation \u00ab naturelle \u00bb entre les sexes \u00ab ce qui implique que l\u2019homosexualit\u00e9 ne l\u2019est pas \u00bb, en d\u00e9duit la LDH.<\/span><\/p>\n<\/div>\n<p><span style=\"font-size: 12pt;\"><a href=\"https:\/\/www.sudouest.fr\/culture\/race-negrillon-femme-l-academie-francaise-priee-de-rectifier-d-urgence-son-dictionnaire-22297470.php\">https:\/\/www.sudouest.fr\/culture\/race-negrillon-femme-l-academie-francaise-priee-de-rectifier-d-urgence-son-dictionnaire-22297470.php<\/a><\/span><\/p>\n<\/div>\n<\/article>\n<\/div>\n<\/div>\n","protected":false},"excerpt":{"rendered":"<p>\u00ab\u00a0Race\u00a0\u00bb, \u00ab\u00a0n\u00e9grillon\u00a0\u00bb, \u00ab\u00a0femme\u00a0\u00bb\u2026 L\u2019Acad\u00e9mie fran\u00e7aise pri\u00e9e de \u00ab\u00a0rectifier d\u2019urgence\u00a0\u00bb son dictionnaire \u00a0\u00a0Lecture 1 min Accueil\u00a0Culture Le si\u00e8ge de l\u2019Institut de France, qui abrite l\u2019Acad\u00e9mie fran\u00e7aise.\u00a0\u00a9 Cr\u00e9dit photo : CC Benh&#8230; <a href=\"https:\/\/charte-fontevrault-providentialisme.fr\/index.php\/2024\/11\/29\/la-ligue-des-droits-de-lhomme-a-failli-ne-pas-survivre-a-la-lecture-de-la-derniere-edition-du-dicrtonnaire-de-lacademie-francaise\/\">Cliquez pour lire davantage &raquo;<\/a><\/p>\n","protected":false},"author":2,"featured_media":0,"comment_status":"open","ping_status":"open","sticky":false,"template":"","format":"standard","meta":{"footnotes":""},"categories":[1,26],"tags":[5453,11454,14248],"class_list":["post-62724","post","type-post","status-publish","format-standard","hentry","category-non-classe","category-societe-traditionnelle","tag-dictionnaire-de-lacademie-francaise","tag-https-www-sudouest-fr","tag-ligue-des-droits-de-lhomme"],"_links":{"self":[{"href":"https:\/\/charte-fontevrault-providentialisme.fr\/index.php\/wp-json\/wp\/v2\/posts\/62724","targetHints":{"allow":["GET"]}}],"collection":[{"href":"https:\/\/charte-fontevrault-providentialisme.fr\/index.php\/wp-json\/wp\/v2\/posts"}],"about":[{"href":"https:\/\/charte-fontevrault-providentialisme.fr\/index.php\/wp-json\/wp\/v2\/types\/post"}],"author":[{"embeddable":true,"href":"https:\/\/charte-fontevrault-providentialisme.fr\/index.php\/wp-json\/wp\/v2\/users\/2"}],"replies":[{"embeddable":true,"href":"https:\/\/charte-fontevrault-providentialisme.fr\/index.php\/wp-json\/wp\/v2\/comments?post=62724"}],"version-history":[{"count":4,"href":"https:\/\/charte-fontevrault-providentialisme.fr\/index.php\/wp-json\/wp\/v2\/posts\/62724\/revisions"}],"predecessor-version":[{"id":62736,"href":"https:\/\/charte-fontevrault-providentialisme.fr\/index.php\/wp-json\/wp\/v2\/posts\/62724\/revisions\/62736"}],"wp:attachment":[{"href":"https:\/\/charte-fontevrault-providentialisme.fr\/index.php\/wp-json\/wp\/v2\/media?parent=62724"}],"wp:term":[{"taxonomy":"category","embeddable":true,"href":"https:\/\/charte-fontevrault-providentialisme.fr\/index.php\/wp-json\/wp\/v2\/categories?post=62724"},{"taxonomy":"post_tag","embeddable":true,"href":"https:\/\/charte-fontevrault-providentialisme.fr\/index.php\/wp-json\/wp\/v2\/tags?post=62724"}],"curies":[{"name":"wp","href":"https:\/\/api.w.org\/{rel}","templated":true}]}}