{"id":62780,"date":"2024-12-03T10:32:37","date_gmt":"2024-12-03T09:32:37","guid":{"rendered":"https:\/\/charte-fontevrault-providentialisme.fr\/?p=62780"},"modified":"2024-12-03T10:59:00","modified_gmt":"2024-12-03T09:59:00","slug":"le-combat-de-trop-de-marine-le-pen-la-censure-annoncee-du-gouvernement-barnier-debut-decembre-2024","status":"publish","type":"post","link":"https:\/\/charte-fontevrault-providentialisme.fr\/index.php\/2024\/12\/03\/le-combat-de-trop-de-marine-le-pen-la-censure-annoncee-du-gouvernement-barnier-debut-decembre-2024\/","title":{"rendered":"Le combat de trop de Marine Le Pen : la censure  annonc\u00e9e du Gouvernement Barnier ( d\u00e9but d\u00e9cembre 2024)"},"content":{"rendered":"<p><span style=\"font-size: 12pt; color: #008000;\">\u00a0 \u00a0 \u00a0 \u00a0<\/span><\/p>\n<div id=\"attachment_62782\" style=\"width: 635px\" class=\"wp-caption alignleft\"><img loading=\"lazy\" decoding=\"async\" aria-describedby=\"caption-attachment-62782\" class=\"wp-image-62782 size-large\" src=\"https:\/\/charte-fontevrault-providentialisme.fr\/wp-content\/uploads\/2024\/12\/Emmanuel-Macron-Michel-Barnier-1984993-1024x576.webp\" alt=\"\" width=\"625\" height=\"352\" srcset=\"https:\/\/charte-fontevrault-providentialisme.fr\/wp-content\/uploads\/2024\/12\/Emmanuel-Macron-Michel-Barnier-1984993-1024x576.webp 1024w, https:\/\/charte-fontevrault-providentialisme.fr\/wp-content\/uploads\/2024\/12\/Emmanuel-Macron-Michel-Barnier-1984993-300x169.webp 300w, https:\/\/charte-fontevrault-providentialisme.fr\/wp-content\/uploads\/2024\/12\/Emmanuel-Macron-Michel-Barnier-1984993-768x432.webp 768w, https:\/\/charte-fontevrault-providentialisme.fr\/wp-content\/uploads\/2024\/12\/Emmanuel-Macron-Michel-Barnier-1984993-1536x864.webp 1536w, https:\/\/charte-fontevrault-providentialisme.fr\/wp-content\/uploads\/2024\/12\/Emmanuel-Macron-Michel-Barnier-1984993-624x351.webp 624w, https:\/\/charte-fontevrault-providentialisme.fr\/wp-content\/uploads\/2024\/12\/Emmanuel-Macron-Michel-Barnier-1984993-1320x743.webp 1320w, https:\/\/charte-fontevrault-providentialisme.fr\/wp-content\/uploads\/2024\/12\/Emmanuel-Macron-Michel-Barnier-1984993.webp 1600w\" sizes=\"auto, (max-width: 625px) 100vw, 625px\" \/><p id=\"caption-attachment-62782\" class=\"wp-caption-text\"><span style=\"font-size: 12pt; color: #0000ff;\">https:\/\/www.lemonde.fr\/politique\/article\/2024\/12\/03\/emmanuel-macron-cherche-deja-un-remplacant-a-michel-barnier_6426832_823448.html<\/span><\/p><\/div>\n<p><span style=\"font-size: 12pt; color: #008000;\">\u00a0 \u00a0 \u00a0Qu&#8217;arrive t&#8217;il\u00a0 \u00e0 Madame Le Pen qui semble\u00a0 avoir perdu le sens politique\u00a0 qui la caract\u00e9risait jusque l\u00e0 ?\u00a0 S&#8217;agit-il des suites annonc\u00e9es de l&#8217;affaire des assistants parlementaires\u00a0 devant les\u00a0 institutions europ\u00e9ennes ?<\/span><\/p>\n<p><span style=\"font-size: 12pt;\"><a href=\"https:\/\/www.liberation.fr\/societe\/police-justice\/en-cas-de-condamnation-a-une-peine-dineligibilite-marine-le-pen-serait-elle-forcement-empechee-de-se-presenter-en-2027-2024\"><span style=\"color: #0000ff;\"> https:\/\/www.liberation.fr\/societe\/police-justice\/en-cas-de-condamnation-a-une-peine-dineligibilite-marine-le-pen-serait-elle-forcement-empechee-de-se-presenter-en-2027-2024<\/span><\/a><\/span><\/p>\n<p><strong><span style=\"color: #008000; font-size: 12pt;\">\u00a0 \u00a0 Elle avait jusque l\u00e0 r\u00e9ussi \u00e0 se donner une\u00a0 carrure\u00a0 de politique responsable. Et voici que pour le plaisir fugace de passer pour un\u00a0 de)faiseur de roi, elle\u00a0 va\u00a0 d\u00e9clencher une crise politique dans laquelle on\u00a0 ne\u00a0 voit pas d&#8217;issue ni pour la France ni pour elle.. et\u00a0 sans doute pas non plus pour le chef de l&#8217;Etat.<\/span><\/strong><\/p>\n<p><span style=\"font-size: 12pt; color: #800080;\"><strong>\u00a0 \u00a0 \u00a0Il manque\u00a0 vraiment \u00e0 la France le\u00a0 concept allemand de motion de censure constructive<\/strong><\/span><\/p>\n<p><span style=\"font-size: 12pt; color: #008000;\">\u00a0 \u00a0 \u00a0 \u00a0La <b>motion de censure constructive<\/b> est une <a style=\"color: #008000;\" title=\"Motion de censure\" href=\"https:\/\/fr.wikipedia.org\/wiki\/Motion_de_censure\">motion de censure<\/a> qui doit automatiquement pr\u00e9voir un <a style=\"color: #008000;\" title=\"Chef du gouvernement\" href=\"https:\/\/fr.wikipedia.org\/wiki\/Chef_du_gouvernement\">chef de gouvernement<\/a> pour remplacer celui qu&#8217;elle propose de renverser.<\/span><\/p>\n<p><span style=\"font-size: 12pt; color: #800080;\">\u00a0 \u00a0 \u00a0 \u00a0Ce type de motion, invent\u00e9 par la <a style=\"color: #800080;\" title=\"Loi fondamentale de la R\u00e9publique f\u00e9d\u00e9rale d'Allemagne\" href=\"https:\/\/fr.wikipedia.org\/wiki\/Loi_fondamentale_de_la_R%C3%A9publique_f%C3%A9d%C3%A9rale_d%27Allemagne\">Loi fondamentale<\/a> d&#8217;<a style=\"color: #800080;\" title=\"Allemagne\" href=\"https:\/\/fr.wikipedia.org\/wiki\/Allemagne\">Allemagne<\/a>, emp\u00eache ainsi toute coalition de circonstance (ou \u00ab\u00a0coalition des extr\u00eames\u00a0\u00bb) entre des partis qui, une fois la censure vot\u00e9e, ne pourraient se mettre d&#8217;accord sur le nom d&#8217;un nouveau chef du Gouvernement.<\/span><\/p>\n<p><span style=\"font-size: 12pt; color: #008000;\">\u00a0 \u00a0 \u00a0La motion de censure constructive est issue d&#8217;une r\u00e9flexion de la doctrine allemande engag\u00e9e, sous la <a style=\"color: #008000;\" title=\"R\u00e9publique de Weimar\" href=\"https:\/\/fr.wikipedia.org\/wiki\/R%C3%A9publique_de_Weimar\">r\u00e9publique de Weimar<\/a>, par <a class=\"new\" style=\"color: #008000;\" title=\"Heinrich Herrfahrdt (page inexistante)\" href=\"https:\/\/fr.wikipedia.org\/w\/index.php?title=Heinrich_Herrfahrdt&amp;action=edit&amp;redlink=1\">Heinrich Herrfahrdt<\/a> et <a style=\"color: #008000;\" title=\"Carl Schmitt\" href=\"https:\/\/fr.wikipedia.org\/wiki\/Carl_Schmitt\">Carl Schmit <\/a><sup id=\"cite_ref-Sim\u00f3n_Yarza2015Sim\u00f3n_Yarza_201591_1-0\" class=\"reference\"><\/sup>. C&#8217;est la cons\u00e9quence directe de l&#8217;instabilit\u00e9 gouvernementale de la r\u00e9publique de Weimar o\u00f9 les <a style=\"color: #008000;\" title=\"Communisme\" href=\"https:\/\/fr.wikipedia.org\/wiki\/Communisme\">communistes<\/a> et les <a class=\"mw-redirect\" style=\"color: #008000;\" title=\"NSDAP\" href=\"https:\/\/fr.wikipedia.org\/wiki\/NSDAP\">nazis<\/a> passaient une alliance de circonstance pour renverser les gouvernements qui se succ\u00e9daient alors \u00e0 un rythme effr\u00e9n\u00e9. La paternit\u00e9 de la motion de censure constructive est souvent attribu\u00e9e <a style=\"color: #008000;\" title=\"Ernst Fraenkel\" href=\"https:\/\/fr.wikipedia.org\/wiki\/Ernst_Fraenkel\">Ernst Fraenkel<\/a><sup id=\"cite_ref-Sim\u00f3n_Yarza2015Sim\u00f3n_Yarza_201592_2-0\" class=\"reference\"><\/sup><\/span><\/p>\n<p><span style=\"font-size: 12pt; color: #008000;\">\u00a0 \u00a0 \u00a0La motion de censure constructive existe en <a style=\"color: #008000;\" title=\"Allemagne\" href=\"https:\/\/fr.wikipedia.org\/wiki\/Allemagne\">Allemagne<\/a> et dans cinq autres <a style=\"color: #008000;\" title=\"\u00c9tats membres de l'Union europ\u00e9enne\" href=\"https:\/\/fr.wikipedia.org\/wiki\/%C3%89tats_membres_de_l%27Union_europ%C3%A9enne\">\u00c9tats membres<\/a> de l&#8217;<a style=\"color: #008000;\" title=\"Union europ\u00e9enne\" href=\"https:\/\/fr.wikipedia.org\/wiki\/Union_europ%C3%A9enne\">Union europ\u00e9enne<\/a>, \u00e0 savoir\u00a0: l&#8217;<a style=\"color: #008000;\" title=\"Espagne\" href=\"https:\/\/fr.wikipedia.org\/wiki\/Espagne\">Espagne<\/a>, la <a style=\"color: #008000;\" title=\"Belgique\" href=\"https:\/\/fr.wikipedia.org\/wiki\/Belgique\">Belgique<\/a>, la <a style=\"color: #008000;\" title=\"Pologne\" href=\"https:\/\/fr.wikipedia.org\/wiki\/Pologne\">Pologne<\/a>, la <a style=\"color: #008000;\" title=\"Slov\u00e9nie\" href=\"https:\/\/fr.wikipedia.org\/wiki\/Slov%C3%A9nie\">Slov\u00e9nie<\/a> et la <a style=\"color: #008000;\" title=\"Hongrie\" href=\"https:\/\/fr.wikipedia.org\/wiki\/Hongrie\">Hongrie<\/a><sup id=\"cite_ref-Piersig20165,_&lt;span_class=&quot;nowrap&quot;&gt;&lt;abbr_class=&quot;abbr_&quot;_title=&quot;colonne(s)&quot;_&gt;col.&lt;\/abbr&gt;&amp;nbsp;1&lt;\/span&gt;_4-0\" class=\"reference\" style=\"line-height: 1; vertical-align: text-top; position: relative; top: -5px; padding-left: 1px; unicode-bidi: isolate; white-space: nowrap; font-weight: normal; font-style: normal;\"><\/sup>.<\/span><\/p>\n<p><span style=\"font-size: 12pt; color: #0000ff;\">https:\/\/fr.wikipedia.org\/wiki\/Motion_de_censure_constructive<\/span><\/p>\n","protected":false},"excerpt":{"rendered":"<p>\u00a0 \u00a0 \u00a0 \u00a0 \u00a0 \u00a0 \u00a0Qu&#8217;arrive t&#8217;il\u00a0 \u00e0 Madame Le Pen qui semble\u00a0 avoir perdu le sens politique\u00a0 qui la caract\u00e9risait jusque l\u00e0 ?\u00a0 S&#8217;agit-il des suites annonc\u00e9es de&#8230; <a href=\"https:\/\/charte-fontevrault-providentialisme.fr\/index.php\/2024\/12\/03\/le-combat-de-trop-de-marine-le-pen-la-censure-annoncee-du-gouvernement-barnier-debut-decembre-2024\/\">Cliquez pour lire davantage &raquo;<\/a><\/p>\n","protected":false},"author":2,"featured_media":0,"comment_status":"open","ping_status":"open","sticky":false,"template":"","format":"standard","meta":{"footnotes":""},"categories":[21],"tags":[6487,34704,31732],"class_list":["post-62780","post","type-post","status-publish","format-standard","hentry","category-limites-de-la-republique","tag-encyclopedie-wikipedia","tag-michel-barnier-1951-2024","tag-president-emmanuel-macron-2017-2022-20"],"_links":{"self":[{"href":"https:\/\/charte-fontevrault-providentialisme.fr\/index.php\/wp-json\/wp\/v2\/posts\/62780","targetHints":{"allow":["GET"]}}],"collection":[{"href":"https:\/\/charte-fontevrault-providentialisme.fr\/index.php\/wp-json\/wp\/v2\/posts"}],"about":[{"href":"https:\/\/charte-fontevrault-providentialisme.fr\/index.php\/wp-json\/wp\/v2\/types\/post"}],"author":[{"embeddable":true,"href":"https:\/\/charte-fontevrault-providentialisme.fr\/index.php\/wp-json\/wp\/v2\/users\/2"}],"replies":[{"embeddable":true,"href":"https:\/\/charte-fontevrault-providentialisme.fr\/index.php\/wp-json\/wp\/v2\/comments?post=62780"}],"version-history":[{"count":4,"href":"https:\/\/charte-fontevrault-providentialisme.fr\/index.php\/wp-json\/wp\/v2\/posts\/62780\/revisions"}],"predecessor-version":[{"id":62785,"href":"https:\/\/charte-fontevrault-providentialisme.fr\/index.php\/wp-json\/wp\/v2\/posts\/62780\/revisions\/62785"}],"wp:attachment":[{"href":"https:\/\/charte-fontevrault-providentialisme.fr\/index.php\/wp-json\/wp\/v2\/media?parent=62780"}],"wp:term":[{"taxonomy":"category","embeddable":true,"href":"https:\/\/charte-fontevrault-providentialisme.fr\/index.php\/wp-json\/wp\/v2\/categories?post=62780"},{"taxonomy":"post_tag","embeddable":true,"href":"https:\/\/charte-fontevrault-providentialisme.fr\/index.php\/wp-json\/wp\/v2\/tags?post=62780"}],"curies":[{"name":"wp","href":"https:\/\/api.w.org\/{rel}","templated":true}]}}