{"id":6589,"date":"2014-12-11T09:00:25","date_gmt":"2014-12-11T09:00:25","guid":{"rendered":"http:\/\/chartedefontevraultprovidentialisme.wordpress.com\/?p=6589"},"modified":"2014-12-11T09:00:25","modified_gmt":"2014-12-11T09:00:25","slug":"princesse-marie-therese-de-monaco-nee-choiseul-1767-1794","status":"publish","type":"post","link":"https:\/\/charte-fontevrault-providentialisme.fr\/index.php\/2014\/12\/11\/princesse-marie-therese-de-monaco-nee-choiseul-1767-1794\/","title":{"rendered":"Princesse Marie-Th\u00e9r\u00e8se de Monaco n\u00e9e Choiseul (1767-1794)"},"content":{"rendered":"<p><span style=\"color:#008000;\"><a href=\"https:\/\/chartedefontevraultprovidentialisme.files.wordpress.com\/2014\/12\/il_570xn-229865325.jpeg\"><img loading=\"lazy\" decoding=\"async\" class=\"alignleft size-medium wp-image-6590\" src=\"https:\/\/chartedefontevraultprovidentialisme.files.wordpress.com\/2014\/12\/il_570xn-229865325.jpeg?w=199\" alt=\"il_570xN.229865325\" width=\"199\" height=\"300\" srcset=\"https:\/\/charte-fontevrault-providentialisme.fr\/wp-content\/uploads\/2014\/12\/il_570xn-229865325.jpeg 265w, https:\/\/charte-fontevrault-providentialisme.fr\/wp-content\/uploads\/2014\/12\/il_570xn-229865325-199x300.jpeg 199w\" sizes=\"auto, (max-width: 199px) 100vw, 199px\" \/><\/a><\/span><\/p>\n<ul>\n<li>\n<h6><strong>NDLRB<\/strong> . <span style=\"color:#ff6600;\">Que personne ne se m\u00e9prenne sur le sens de cette mise\u00a0 en ligne . Il s&#8217;agit en ces jours de bonheur princier sur\u00a0 &#8220;le Rocher&#8221; :<\/span><\/h6>\n<\/li>\n<li>\n<h6><span style=\"color:#ff6600;\"><strong> a)<\/strong> d&#8217;un hommage rendue \u00e0 la famille de Monaco et \u00e0 l&#8217;une des siennes : <em>Marie-Th\u00e9r\u00e8se de Choiseul est n\u00e9e en 1767 . Mari\u00e9e en 1782 avec le prince Joseph de Monaco. (1767-1816). M\u00e8re de trois filles princesses Honorine (1784-1879), Ath\u00e9na\u00efs (1786-1860) et Delphine (1788).Guillotin\u00e9e le 9 thermidor an II (27 juillet 1794<\/em><\/span><\/h6>\n<\/li>\n<li>\n<h6><span style=\"color:#ff6600;\"><strong>b)<\/strong> d&#8217;une condamnation de la r\u00e9volution dite fran\u00e7aise<\/span> <a href=\"http:\/\/www.sylmpedia.fr\/index.php\/La_r%C3%A9volution_dite_Fran%C3%A7aise\">http:\/\/www.sylmpedia.fr\/index.php\/La_r%C3%A9volution_dite_Fran%C3%A7aise<\/a><\/h6>\n<\/li>\n<li><strong>c)<\/strong><span style=\"color:#ff6600;\"> d&#8217;une d\u00e9monstration de l&#8217;ignorance en notre\u00a0 pays des\u00a0 drames caus\u00e9es\u00a0 par\u00a0 les sectateurs hier des droits\u00a0 de l&#8217; homme dans Dieu(DHSD) et aujourd&#8217;hui du la\u00efcisme le plus \u00e9troit .\u00a0 Voil\u00e0 ce qui arrive lorsque l&#8217;on refuse que les lois r\u00e9gissant un pays soient la transcription ce\u00a0 celles de Dieu. L&#8217;on ne\u00a0 voit pas en effet\u00a0 comment un majorit\u00e9 d&#8217; Hommes faibles et\u00a0 corrompus depuis le p\u00each\u00e9 originel pourrait\u00a0 spontan\u00e9ment\u00a0 , et avec ses propres forces, rechercher\u00a0 le r\u00e8gne du Bien.<\/span><\/li>\n<\/ul>\n<p><em><span style=\"color:#008000;\">Les gens qui savaient vivre savaient mourir.<\/span> <\/em><a href=\"http:\/\/shenandoahdavis.canalblog.com\/archives\/2012\/04\/14\/24013687.html\">http:\/\/shenandoahdavis.canalblog.com\/archives\/2012\/04\/14\/24013687.html<\/a><\/p>\n<p><span style=\"color:#008000;\"><em>( Notice traduite automatiquement de l&#8217;Anglais<\/em>) Fran\u00e7oise-Th\u00e9r\u00e8se, la Princesse de Monaco, naquit une fran\u00e7aise en 1767. Elle a eu le malheur de se trouver dans le pays pendant le r\u00e8gne de la terreur de la R\u00e9volution fran\u00e7aise et a \u00e9t\u00e9 arr\u00eat\u00e9e et a rapidement condamn\u00e9e \u00e0 mort en 1794.<\/span><\/p>\n<p><span style=\"color:#008000;\"> Fran\u00e7oise-Th\u00e9r\u00e8se est une poup\u00e9e de vinyle qui s&#8217;\u00e9l\u00e8ve environ 10 &#8220;de haut et est v\u00eatue d&#8217;une robe de soie bleu-magenta magnifique bord\u00e9e de dentelle blanche. Une vigne satin\u00e9e de roses entoure sa taille et un lacet large cordon ajuste le haut de son corsage. Un train long correspondant s&#8217;ex\u00e9cute sur le dos de sa robe.<\/span><\/p>\n<p><span style=\"color:#008000;\"> Elle porte sa t\u00eate coup\u00e9e aux yeux nuageux dans sa main droite, attach\u00e9 par un collier de perles faux&#8230; Elle a une coiffure correspondante qui est orn\u00e9e de plumes color\u00e9es.<\/span><\/p>\n<p><span style=\"color:#008000;\"> Toutes les poup\u00e9es historiques Headless disposent d&#8217;un certificat sign\u00e9 par l&#8217;artiste et un peu de l&#8217;histoire derri\u00e8re le sujet.<\/span><\/p>\n<p><span style=\"color:#008000;\"> Historiques sans t\u00eate est sp\u00e9cialis\u00e9e dans les poup\u00e9es et autres objets qui comm\u00e9morent la vie et la mort de personnages c\u00e9l\u00e8bres dans l&#8217;histoire. Vous pouvez voir des photos et des informations de toutes les poup\u00e9es que nous avons fait au cours des ann\u00e9es sur notre site Web \u00e0<\/span> <a href=\"http:\/\/www.HeadlessHistoricals.com\">www.HeadlessHistoricals.com<\/a><\/p>\n","protected":false},"excerpt":{"rendered":"<p>NDLRB . Que personne ne se m\u00e9prenne sur le sens de cette mise\u00a0 en ligne . Il s&#8217;agit en ces jours de bonheur princier sur\u00a0 &#8220;le Rocher&#8221; : a) d&#8217;un&#8230; <a href=\"https:\/\/charte-fontevrault-providentialisme.fr\/index.php\/2014\/12\/11\/princesse-marie-therese-de-monaco-nee-choiseul-1767-1794\/\">Cliquez pour lire davantage &raquo;<\/a><\/p>\n","protected":false},"author":2,"featured_media":0,"comment_status":"open","ping_status":"open","sticky":false,"template":"","format":"standard","meta":{"footnotes":""},"categories":[18,21],"tags":[5199,5781,6480,20716,21817],"class_list":["post-6589","post","type-post","status-publish","format-standard","hentry","category-familles-royales-francaises-et-etrangeres","category-limites-de-la-republique","tag-declaration-des-droits-de-lhomme-et-du-citoyen","tag-droits-de-lhomme-sans-dieu","tag-encyclopedie-du-royalisme-en-ligne-sylmpedia","tag-princesse-marie-therese-de-monaco-nee-choiseul","tag-revolution-dite-francaise"],"_links":{"self":[{"href":"https:\/\/charte-fontevrault-providentialisme.fr\/index.php\/wp-json\/wp\/v2\/posts\/6589","targetHints":{"allow":["GET"]}}],"collection":[{"href":"https:\/\/charte-fontevrault-providentialisme.fr\/index.php\/wp-json\/wp\/v2\/posts"}],"about":[{"href":"https:\/\/charte-fontevrault-providentialisme.fr\/index.php\/wp-json\/wp\/v2\/types\/post"}],"author":[{"embeddable":true,"href":"https:\/\/charte-fontevrault-providentialisme.fr\/index.php\/wp-json\/wp\/v2\/users\/2"}],"replies":[{"embeddable":true,"href":"https:\/\/charte-fontevrault-providentialisme.fr\/index.php\/wp-json\/wp\/v2\/comments?post=6589"}],"version-history":[{"count":0,"href":"https:\/\/charte-fontevrault-providentialisme.fr\/index.php\/wp-json\/wp\/v2\/posts\/6589\/revisions"}],"wp:attachment":[{"href":"https:\/\/charte-fontevrault-providentialisme.fr\/index.php\/wp-json\/wp\/v2\/media?parent=6589"}],"wp:term":[{"taxonomy":"category","embeddable":true,"href":"https:\/\/charte-fontevrault-providentialisme.fr\/index.php\/wp-json\/wp\/v2\/categories?post=6589"},{"taxonomy":"post_tag","embeddable":true,"href":"https:\/\/charte-fontevrault-providentialisme.fr\/index.php\/wp-json\/wp\/v2\/tags?post=6589"}],"curies":[{"name":"wp","href":"https:\/\/api.w.org\/{rel}","templated":true}]}}