{"id":66030,"date":"2025-12-23T11:26:22","date_gmt":"2025-12-23T10:26:22","guid":{"rendered":"https:\/\/charte-fontevrault-providentialisme.fr\/?p=66030"},"modified":"2025-12-23T11:47:19","modified_gmt":"2025-12-23T10:47:19","slug":"in-message-de-louis-xvi-avant-ce-noel-2025","status":"publish","type":"post","link":"https:\/\/charte-fontevrault-providentialisme.fr\/index.php\/2025\/12\/23\/in-message-de-louis-xvi-avant-ce-noel-2025\/","title":{"rendered":"Le message de Louis XVI pour ce No\u00ebl 2025"},"content":{"rendered":"<p style=\"text-align: justify;\"><span style=\"font-size: 12pt;\"><br \/>\nLe Pr\u00e9sident-Fondateur Alain Texier,<\/span><br \/>\n<span style=\"font-size: 12pt;\">Le Conn\u00e9table Chouandecoeur,<\/span><br \/>\n<span style=\"font-size: 12pt;\">Le Gouverneur (2024-2027) Alain Guillon,<\/span><\/p>\n<p style=\"text-align: justify;\"><span style=\"font-size: 12pt;\">Souhaitent \u00e0 tous les Fontevristes et tous les amis et sympathisants de la Charte de Fontevrault, un Saint et Joyeux No\u00ebl !<\/span><br \/>\n<span style=\"font-size: 12pt;\">Et pour vous faire esp\u00e9rer, et rire aussi, voici une petite vid\u00e9o bien faite, et certainement proph\u00e9tique dans la bouche du roi Louis XVI \u00e0 la fin de son intervention &#8220;posthume&#8221; et tr\u00e8s r\u00e9aliste.<\/span><\/p>\n<p><em><span style=\"font-size: 12pt;\">N.B. Par contre, \u00e0 la fin, le passage \u00e9voquant la reine est incongru, inutile, b\u00eata&#8230; Dommage !<\/span><\/em><\/p>\n<p><span style=\"font-size: 12pt;\">Vive le Roi !<\/span><\/p>\n<p style=\"text-align: justify;\"><span style=\"font-size: 12pt;\">Chouandecoeur<\/span><\/p>\n<div style=\"width: 576px;\" class=\"wp-video\"><!--[if lt IE 9]><script>document.createElement('video');<\/script><![endif]-->\n<video class=\"wp-video-shortcode\" id=\"video-66030-1\" width=\"576\" height=\"1024\" preload=\"metadata\" controls=\"controls\"><source type=\"video\/mp4\" src=\"https:\/\/charte-fontevrault-providentialisme.fr\/wp-content\/uploads\/2025\/12\/VID-20251223-WA0000-Louis-XVI.mp4?_=1\" \/><a href=\"https:\/\/charte-fontevrault-providentialisme.fr\/wp-content\/uploads\/2025\/12\/VID-20251223-WA0000-Louis-XVI.mp4\">https:\/\/charte-fontevrault-providentialisme.fr\/wp-content\/uploads\/2025\/12\/VID-20251223-WA0000-Louis-XVI.mp4<\/a><\/video><\/div>\n<p>&nbsp;<\/p>\n","protected":false},"excerpt":{"rendered":"<p>Le Pr\u00e9sident-Fondateur Alain Texier, Le Conn\u00e9table Chouandecoeur, Le Gouverneur (2024-2027) Alain Guillon, Souhaitent \u00e0 tous les Fontevristes et tous les amis et sympathisants de la Charte de Fontevrault, un Saint&#8230; <a href=\"https:\/\/charte-fontevrault-providentialisme.fr\/index.php\/2025\/12\/23\/in-message-de-louis-xvi-avant-ce-noel-2025\/\">Cliquez pour lire davantage &raquo;<\/a><\/p>\n","protected":false},"author":7,"featured_media":0,"comment_status":"open","ping_status":"open","sticky":false,"template":"","format":"standard","meta":{"footnotes":""},"categories":[1],"tags":[],"class_list":["post-66030","post","type-post","status-publish","format-standard","hentry","category-non-classe"],"_links":{"self":[{"href":"https:\/\/charte-fontevrault-providentialisme.fr\/index.php\/wp-json\/wp\/v2\/posts\/66030","targetHints":{"allow":["GET"]}}],"collection":[{"href":"https:\/\/charte-fontevrault-providentialisme.fr\/index.php\/wp-json\/wp\/v2\/posts"}],"about":[{"href":"https:\/\/charte-fontevrault-providentialisme.fr\/index.php\/wp-json\/wp\/v2\/types\/post"}],"author":[{"embeddable":true,"href":"https:\/\/charte-fontevrault-providentialisme.fr\/index.php\/wp-json\/wp\/v2\/users\/7"}],"replies":[{"embeddable":true,"href":"https:\/\/charte-fontevrault-providentialisme.fr\/index.php\/wp-json\/wp\/v2\/comments?post=66030"}],"version-history":[{"count":9,"href":"https:\/\/charte-fontevrault-providentialisme.fr\/index.php\/wp-json\/wp\/v2\/posts\/66030\/revisions"}],"predecessor-version":[{"id":66040,"href":"https:\/\/charte-fontevrault-providentialisme.fr\/index.php\/wp-json\/wp\/v2\/posts\/66030\/revisions\/66040"}],"wp:attachment":[{"href":"https:\/\/charte-fontevrault-providentialisme.fr\/index.php\/wp-json\/wp\/v2\/media?parent=66030"}],"wp:term":[{"taxonomy":"category","embeddable":true,"href":"https:\/\/charte-fontevrault-providentialisme.fr\/index.php\/wp-json\/wp\/v2\/categories?post=66030"},{"taxonomy":"post_tag","embeddable":true,"href":"https:\/\/charte-fontevrault-providentialisme.fr\/index.php\/wp-json\/wp\/v2\/tags?post=66030"}],"curies":[{"name":"wp","href":"https:\/\/api.w.org\/{rel}","templated":true}]}}