{"id":66058,"date":"2026-01-02T15:34:51","date_gmt":"2026-01-02T14:34:51","guid":{"rendered":"https:\/\/charte-fontevrault-providentialisme.fr\/?p=66058"},"modified":"2026-01-02T15:34:51","modified_gmt":"2026-01-02T14:34:51","slug":"le-mot-du-connetable-2026-et-cependant-il-y-a-1530-ans","status":"publish","type":"post","link":"https:\/\/charte-fontevrault-providentialisme.fr\/index.php\/2026\/01\/02\/le-mot-du-connetable-2026-et-cependant-il-y-a-1530-ans\/","title":{"rendered":"Le mot du Conn\u00e9table : 2026 ?&#8230; et cependant il y a 1530 ans !"},"content":{"rendered":"<p style=\"text-align: justify;\"><span style=\"font-size: 12pt;\"><br \/>\nChers amis Fontevristes et lecteurs du blog de la Charte,<\/span><\/p>\n<p style=\"text-align: justify;\"><em><span style=\"font-size: 12pt;\">N.B. Depuis deux jours, il y a eu encore impossibilit\u00e9 d&#8217;\u00e9diter des articles ou de renter des commentaires&#8230; Cette fois-ci la solution gratuite a \u00e9t\u00e9 de supprimer purement et simplement .la fonctionnalit\u00e9 d&#8217;\u00e9tablir des statistiques sur le blog&#8230; Bref !<\/span><\/em><\/p>\n<p style=\"text-align: justify;\"><span style=\"font-size: 12pt;\">Le Pr\u00e9sident-Fondateur, Alain Texier,<br \/>\nLe Gouverneur Alain Guillon,<br \/>\net le Conn\u00e9table, votre serviteur,<br \/>\nvous adressons, selon la coutume et la biens\u00e9ance, pour 2026 nos v\u0153ux les plus chaleureux de Bonne, Sainte et Heureuse ann\u00e9e pour chacun de vous et pour tous les v\u00f4tres.<\/p>\n<p>Ce que nous pouvons d\u00e9sirer particuli\u00e8rement pour vous, c&#8217;est une sant\u00e9 \u00e0 toute \u00e9preuve, \u00e0 la fois physique, psychologique, morale et spirituelle, pour supporter non seulement l&#8217;\u00e9tat actuel de notre mis\u00e9rable pays (on ne peut plus employer le qualificatif de &#8220;pauvre&#8221; devenu totalement obsol\u00e8te), mais aussi pour se tenir droit , ferme et pr\u00eat \u00e0 la suite des \u00e9v\u00e9nements qui vont advenir in\u00e9luctablement et tr\u00e8s rapidement au cours de l&#8217;an, et qui seront \u00e0 la fois catastrophiques mais aussi n\u00e9cessaires, salutaires et vitaux pour la France&#8230; la chirurgie est parfois indispensable pour sauver le corps tout entier !<br \/>\n<\/span><\/p>\n<p style=\"text-align: justify;\"><span style=\"font-size: 12pt;\">Mais si pr\u00e9sager et annoncer l&#8217;orage est facteur de crainte sinon de peur, voire de panique, c&#8217;est surtout facteur de Sagesse et d&#8217;Esp\u00e9rance dans lesquelles, seul, le Catholicisme peut nous affermir et par lesquelles il peut nous calmer et nous sauver.<br \/>\nEt, en cette p\u00e9riode de trouble spirituel et temporel, \u00e0 la crois\u00e9e de ces deux ann\u00e9es cl\u00e9s 2025 et 2026, deux anniversaires s&#8217;imposent \u00e0 notre r\u00e9flexion, anniversaires phares d&#8217;Esp\u00e9rance pour cette \u00e8re qu&#8217;ouvre 2026.<br \/>\nCes deux anniversaires sont s\u00e9par\u00e9s de 171 ans, sont li\u00e9s l&#8217;un \u00e0 l&#8217;autre, corollaire l&#8217;un de l&#8217;autre, fondateurs, et l&#8217;un et l&#8217;autre.<\/span><\/p>\n<p style=\"text-align: justify;\"><span style=\"font-size: 12pt;\">En 2025, nous avons comm\u00e9mor\u00e9 le 1700\u00e8me anniversaire du Concile \u0153cum\u00e9nique de Nic\u00e9e qui explicita et formula une fois pour toute, dans le domaine spirituel, la divinit\u00e9 du Christ au sein de la Sainte Trinit\u00e9, comme incarn\u00e9 sur terre, \u00e0 l&#8217;encontre de l&#8217;Arianisme naissant. Ce Concile sauva l\u2019\u00c9glise du temps, et son \u00e9volution future, de l&#8217;erreur qui lui aurait \u00e9t\u00e9 fatale. Il fut le premier d\u00e9cret universel de l\u2019\u00c9glise, la premi\u00e8re \u00e9l\u00e9vation dans la continuit\u00e9 de sa fondation.<br \/>\nH\u00e9las, Arius et ses adeptes avaient d\u00e9j\u00e0 bien d\u00e9rout\u00e9 les nations naissantes de la v\u00e9rit\u00e9, et pratiquement elles \u00e9taient toutes devenues ariennes.<\/span><\/p>\n<p style=\"text-align: justify;\"><span style=\"font-size: 12pt;\">Mais la Providence veillait sur Son plan.<br \/>\nLe 25 d\u00e9cembre 2026, nous f\u00eaterons les 1530 ans du bapt\u00eame <\/span><span style=\"font-size: 12pt;\">de Clovis, le premier Lieutenant temporel du Christ sur la terre qui deviendra la France. Le Christ choisit un petit prince pa\u00efen plut\u00f4t qu&#8217;un prince chr\u00e9tien gauchi de l&#8217;erreur mortelle arienne.<br \/>\nLa Chr\u00e9tient\u00e9 temporelle naissante \u00e9tait sauv\u00e9e !<br \/>\nSeule la dynastie m\u00e9rovingienne subsistera quand toutes les autres dispara\u00eetront ou se convertiront \u00e0 la vraie Foi&#8230; L&#8217;empire m\u00e9rovingien allait pouvoir s&#8217;\u00e9tendre propageant l&#8217;unique Foi.<br \/>\n<\/span><span style=\"font-size: 12pt;\">L\u2019\u00c9glise et l\u2019\u00c9tat, le domaine spirituel et le domaine temporel\u00a0 allaient alors s&#8217;\u00e9pauler et se d\u00e9fendre l&#8217;un l&#8217;autre.\u00a0\u00a0<\/span><\/p>\n<p style=\"text-align: justify;\"><span style=\"font-size: 12pt;\">No\u00ebl&#8230; No\u00ebl, c&#8217;est bien la clameur unanime qui montait lors d&#8217;un sacre !<br \/>\n<\/span><span style=\"font-size: 12pt;\">Se pourrait-il donc que le prochain No\u00ebl soit un jour de renouveau spirituel, temporel et politique, comme de liesse populaire ?<br \/>\nje le souhaite en ce d\u00e9but d&#8217;ann\u00e9e \u00e0 chacun d&#8217;entre nous et \u00e0 la France enti\u00e8re<br \/>\n<\/span><\/p>\n<p style=\"text-align: justify;\"><span style=\"font-size: 12pt;\">Chouandecoeur<\/span><\/p>\n<p style=\"text-align: justify;\">\n","protected":false},"excerpt":{"rendered":"<p>Chers amis Fontevristes et lecteurs du blog de la Charte, N.B. Depuis deux jours, il y a eu encore impossibilit\u00e9 d&#8217;\u00e9diter des articles ou de renter des commentaires&#8230; Cette fois-ci&#8230; <a href=\"https:\/\/charte-fontevrault-providentialisme.fr\/index.php\/2026\/01\/02\/le-mot-du-connetable-2026-et-cependant-il-y-a-1530-ans\/\">Cliquez pour lire davantage &raquo;<\/a><\/p>\n","protected":false},"author":7,"featured_media":0,"comment_status":"open","ping_status":"open","sticky":false,"template":"","format":"standard","meta":{"footnotes":""},"categories":[1],"tags":[],"class_list":["post-66058","post","type-post","status-publish","format-standard","hentry","category-non-classe"],"_links":{"self":[{"href":"https:\/\/charte-fontevrault-providentialisme.fr\/index.php\/wp-json\/wp\/v2\/posts\/66058","targetHints":{"allow":["GET"]}}],"collection":[{"href":"https:\/\/charte-fontevrault-providentialisme.fr\/index.php\/wp-json\/wp\/v2\/posts"}],"about":[{"href":"https:\/\/charte-fontevrault-providentialisme.fr\/index.php\/wp-json\/wp\/v2\/types\/post"}],"author":[{"embeddable":true,"href":"https:\/\/charte-fontevrault-providentialisme.fr\/index.php\/wp-json\/wp\/v2\/users\/7"}],"replies":[{"embeddable":true,"href":"https:\/\/charte-fontevrault-providentialisme.fr\/index.php\/wp-json\/wp\/v2\/comments?post=66058"}],"version-history":[{"count":1,"href":"https:\/\/charte-fontevrault-providentialisme.fr\/index.php\/wp-json\/wp\/v2\/posts\/66058\/revisions"}],"predecessor-version":[{"id":66059,"href":"https:\/\/charte-fontevrault-providentialisme.fr\/index.php\/wp-json\/wp\/v2\/posts\/66058\/revisions\/66059"}],"wp:attachment":[{"href":"https:\/\/charte-fontevrault-providentialisme.fr\/index.php\/wp-json\/wp\/v2\/media?parent=66058"}],"wp:term":[{"taxonomy":"category","embeddable":true,"href":"https:\/\/charte-fontevrault-providentialisme.fr\/index.php\/wp-json\/wp\/v2\/categories?post=66058"},{"taxonomy":"post_tag","embeddable":true,"href":"https:\/\/charte-fontevrault-providentialisme.fr\/index.php\/wp-json\/wp\/v2\/tags?post=66058"}],"curies":[{"name":"wp","href":"https:\/\/api.w.org\/{rel}","templated":true}]}}