{"id":66060,"date":"2026-01-03T14:01:35","date_gmt":"2026-01-03T13:01:35","guid":{"rendered":"https:\/\/charte-fontevrault-providentialisme.fr\/?p=66060"},"modified":"2026-01-03T14:01:35","modified_gmt":"2026-01-03T13:01:35","slug":"a-propos-des-ignobles-pratiques-du-cimentier-lafarge-mais-pas-que","status":"publish","type":"post","link":"https:\/\/charte-fontevrault-providentialisme.fr\/index.php\/2026\/01\/03\/a-propos-des-ignobles-pratiques-du-cimentier-lafarge-mais-pas-que\/","title":{"rendered":"A propos des ignobles pratiques du cimentier Lafarge. Mais pas que&#8230;"},"content":{"rendered":"<p style=\"text-align: justify;\"><span style=\"font-size: 13.0pt; font-family: 'Arial',sans-serif;\"><\/p>\n<p><strong><span style=\"text-decoration: underline;\">Actualit\u00e9<\/span>\u00a0&#8211; Article de Monsieur Jean-Yves PONS :<\/strong><\/p>\n<p>Les m\u00e9thodes du &#8220;<em><span style=\"font-family: 'Arial',sans-serif;\">gros capital<\/span><\/em>&#8220;, cosmopolite et apatride, qui r\u00e8gne sans partage sur l&#8217;\u00e9conomie du monde\u00a0mais h\u00e9las aussi\u00a0sur notre malheureux pays depuis que celui-ci lui a \u00e9t\u00e9 livr\u00e9 par des dirigeants politiques cupides et sans scrupules viennent d&#8217;\u00eatre enfin mises \u00e0 nu. Nous voulons parler du proc\u00e8s dit &#8220;<strong><i><span style=\"font-family: 'Arial',sans-serif;\">Lafarge\u00a0pour\u00a0financement du terrorisme<\/span><\/i><\/strong>&#8220;, action que le CER a d\u00e9nonc\u00e9 sur son blogue d\u00e8s les premi\u00e8res suspicions, en 2014. De quoi s&#8217;agit-il ?<\/span><\/p>\n<p style=\"text-align: justify;\"><span style=\"font-size: 13.0pt; font-family: 'Arial',sans-serif;\">En 2012, dans un pays \u00e0 feu et \u00e0 sang, toutes les entreprises fran\u00e7aises quittent la Syrie, \u00e0 l&#8217;exception du cimentier Lafarge.\u00a0Le groupe a, au contraire, souhait\u00e9 maintenir son activit\u00e9 co\u00fbte que co\u00fbte par app\u00e2t du gain, quitte \u00e0 mettre en danger la vie de ses salari\u00e9s tout en finan\u00e7ant l&#8217;organisation dite &#8220;<em><span style=\"font-family: 'Arial',sans-serif;\">Etat islamique<\/span><\/em>&#8221; afin d&#8217;en obtenir la protection !\u00a0<\/span><\/p>\n<p style=\"text-align: justify;\"><span style=\"font-size: 13.0pt; font-family: 'Arial',sans-serif;\">Tout fut fait pour cacher l&#8217;existence de cette terrible r\u00e9alit\u00e9 aux yeux de nos compatriotes. Mais peine perdue gr\u00e2ce \u00e0 l&#8217;acharnement de l&#8217;association Sherpa, le Centre europ\u00e9en pour les droits constitutionnels et les droits humains (ECCHR) ainsi que des plaintes de onze anciens employ\u00e9s syriens de Lafarge. Et peut-\u00eatre, qui sait, les publications du CER sur le sujet !<\/span><\/p>\n<p style=\"text-align: justify;\"><span style=\"font-size: 13.0pt; font-family: 'Arial',sans-serif;\">Durant six semaines \u00e0 partir du 4 novembre dernier et apr\u00e8s huit ann\u00e9es d\u2019information judiciaire, la 16<sup>e<\/sup> chambre du Tribunal correctionnel de Paris s&#8217;est enfin pench\u00e9e sur la responsabilit\u00e9 p\u00e9nale de la soci\u00e9t\u00e9 Lafarge et de ses principaux dirigeants, parmi lesquelles son pr\u00e9sident de l\u2019\u00e9poque Bruno Lafont, concernant le maintien de l\u2019activit\u00e9 de leur usine en Syrie en pleine guerre civile. Les pr\u00e9venus sont des &#8220;<em><span style=\"font-family: 'Arial',sans-serif;\">cols blancs<\/span><\/em>&#8220;, ayant appartenu \u00e0 un fleuron de l\u2019industrie fran\u00e7aise. Il leur est reproch\u00e9 d\u2019avoir vers\u00e9 des sommes consid\u00e9rables \u00e0 l\u2019organisation dite \u00ab <em><span style=\"font-family: 'Arial',sans-serif;\">\u00c9tat islamique<\/span><\/em> \u00bb (EI) pour assurer la s\u00e9curit\u00e9 des personnes et des biens autour de l\u2019usine <strong><span style=\"font-family: 'Arial',sans-serif;\">et surtout pour s\u2019approvisionner en mati\u00e8res premi\u00e8res et maintenir leur production<\/span><\/strong>. Le montant de ce qui est appel\u00e9 pudiquement \u00ab<em><span style=\"font-family: 'Arial',sans-serif;\"> paiements de s\u00e9curit\u00e9<\/span><\/em> \u00bb (sic) dans le dossier s\u2019\u00e9l\u00e8verait \u00e0 <strong><span style=\"font-family: 'Arial',sans-serif;\">plus de treize\u00a0millions d\u2019euros qui\u00a0auraient servi \u00e0 alimenter les activit\u00e9s terroristes au Proche-Orient<\/span><\/strong>.<\/span><\/p>\n<p style=\"text-align: justify;\"><span style=\"font-size: 13.0pt; font-family: 'Arial',sans-serif;\">Et voici le r\u00e9sum\u00e9 des r\u00e9quisitions prononc\u00e9es \u00e0 la fin de ce proc\u00e8s hors normes :\u00a0<strong><span style=\"font-family: 'Arial',sans-serif;\">des faits <\/span><\/strong><em><b><span style=\"font-family: 'Arial',sans-serif;\">\u00abin\u00e9dits et vertigineux\u00bb<\/span><\/b><\/em>. Les mots de la procureure nationale antiterroriste Aur\u00e9lie Valente sont implacables, en introduction de son <a href=\"https:\/\/www.liberation.fr\/societe\/police-justice\/financement-du-terrorisme-au-proces-lafarge-jusqua-huit-ans-de-prison-et-de-lourdes-amendes-requises-20251216_2HV5RK25JVCZZJAFRIHGLA4XTY\/\">r\u00e9quisitoire<\/a>, men\u00e9 \u00e0 deux voix avec sa coll\u00e8gue Olga Martin-Belliard. La magistrate d\u00e9nonce le \u00ab<em><span style=\"font-family: 'Arial',sans-serif;\">fonctionnement syst\u00e9mique mis en place par Lafarge et non quelques actes isol\u00e9s, <\/span><\/em><strong><i><span style=\"font-family: 'Arial',sans-serif;\">menant \u00e0 consid\u00e9rer les organisations terroristes comme des partenaires commerciaux<\/span><\/i><\/strong><em><span style=\"font-family: 'Arial',sans-serif;\">\u00bb<\/span><\/em>.<\/span><\/p>\n<p style=\"text-align: justify;\"><span style=\"font-size: 13.0pt; font-family: 'Arial',sans-serif;\">Ce mardi 16 d\u00e9cembre, devant la 16e chambre correctionnelle du tribunal judiciaire de Paris, le minist\u00e8re public a livr\u00e9 pendant plusieurs heures une lourde charge contre la multinationale du ciment, en tant que personne morale, et contre plusieurs de ses anciens responsables, dont l\u2019ex-PDG, Bruno Lafont. <em><span style=\"font-family: 'Arial',sans-serif;\">\u00abLa r\u00e9alit\u00e9 de ce dossier, c\u2019est l\u2019histoire d\u2019une faillite totale, d\u2019individus qui par leur parcours et leur fonction auraient pu d\u00e9cider de partir de Syrie, gris\u00e9s par les enjeux \u00e9conomiques dont ils \u00e9taient en charge, avec une seule vis\u00e9e mercantile\u00bb<\/span><\/em>, a soulign\u00e9 Aur\u00e9lie Valente. Tout \u00e9tait dit. Ou presque car l&#8217;un des principaux complices de cette affaire a r\u00e9ussi \u00e0 passer entre les gouttes et personne n&#8217;a os\u00e9 y faire allusion car il s&#8217;agit du ministre des Affaires \u00e9trang\u00e8res de l&#8217;\u00e9poque, Laurent Fabius <strong><span style=\"font-family: 'Arial',sans-serif;\">QUI SAVAIT TOUT MAIS PR\u00c9TEND ENCORE&#8230; AVOIR TOUT IGNOR\u00c9<\/span><\/strong>.<\/span><\/p>\n<p style=\"text-align: justify;\"><span style=\"font-size: 13.0pt; font-family: 'Arial',sans-serif;\">En v\u00e9rit\u00e9, l&#8217;ex-Ambassadeur de France en Syrie a fini par avouer qu&#8217;il s&#8217;\u00e9tait entretenu avec les dirigeants de Lafarge \u00e0 l&#8217;\u00e9poque des transferts de fonds vers l&#8217;EI et qu&#8217;il en avait donc \u00e9t\u00e9 inform\u00e9 (<a href=\"https:\/\/www.huffingtonpost.fr\/actualites\/article\/lafarge-en-syrie-le-quai-d-orsay-reconnait-finalement-un-entretien-avec-les-dirigeants_118602.html)\">https:\/\/www.huffingtonpost.fr\/actualites\/article\/lafarge-en-syrie-le-quai-d-orsay-reconnait-finalement-un-entretien-avec-les-dirigeants_118602.html)<\/a>. <strong><span style=\"font-family: 'Arial',sans-serif;\">Alors, \u00e0 qui fera-t-on croire\u00a0que sur un tel sujet sensible le ministre des Affaires \u00e9trang\u00e8res lui-m\u00eame n&#8217;ait rien vu, rien entendu et rien su ? <\/span><\/strong>Ou \u00e0 quoi pouvait bien servir Laurent Fabius alors que plusieurs de ses collaborateurs au Quai d\u2019Orsay suivaient le dossier Lafarge, dont l\u2019usine \u00e9tait m\u00eame devenue un sujet de discussion entre Paris et Washington ? (<a href=\"https:\/\/www.lemonde.fr\/societe\/article\/2018\/07\/30\/fabius-l-affaire-lafarge-ne-m-est-jamais-remontee_5337641_3224.html)\">https:\/\/www.lemonde.fr\/societe\/article\/2018\/07\/30\/fabius-l-affaire-lafarge-ne-m-est-jamais-remontee_5337641_3224.html)<\/a><\/span><\/p>\n<p style=\"text-align: justify;\"><span style=\"font-size: 13.0pt; font-family: 'Arial',sans-serif;\">Comme disait l&#8217;autre&#8230; &#8220;<em><b><span style=\"font-family: 'Arial',sans-serif;\">TOUS POURRIS !<\/span><\/b><\/em><strong><span style=\"font-family: 'Arial',sans-serif;\">&#8221; <\/span><\/strong><\/span><strong><span style=\"font-size: 18.0pt; font-family: 'Arial',sans-serif;\">*<\/span><\/strong><\/p>\n<p style=\"text-align: justify;\"><span style=\"font-size: 13.0pt; font-family: 'Tahoma',sans-serif;\"><span style=\"font-size: 13.0pt; font-family: 'Arial',sans-serif;\">Le jugement sera rendu le 13 avril 2026.<\/span><\/span><\/p>\n<p style=\"text-align: justify;\"><strong><span style=\"font-size: 18.0pt; font-family: 'Arial',sans-serif;\">*\u00a0<span id=\"ox-b1d1325883-ox-100faddfce-_mce_caret\"><\/span><\/span><\/strong><span id=\"ox-b1d1325883-ox-100faddfce-_mce_caret\"><span style=\"font-size: 13.0pt; font-family: 'Arial',sans-serif;\">Rappelons que Laurent Fabius fut nomm\u00e9 Pr\u00e9sident du Conseil Constitutionnel par Fran\u00e7ois Hollande le 19 f\u00e9vrier\u00a02016 ! Et vous auriez encore la moindre confiance dans ces gens-l\u00e0, \u00e0 la t\u00eate des institutions du pays ?<\/span><\/span><\/p>\n<p style=\"text-align: justify;\"><span style=\"font-size: 13.0pt; font-family: 'Arial',sans-serif;\">Le 29 d\u00e9cembre 2025.<\/span><\/p>\n<p style=\"text-align: justify;\"><span style=\"font-size: 13.0pt; font-family: 'Arial',sans-serif;\">Pour le CER et La Charte de Fontevrault, Jean-Yves Pons, CJA.<\/span><\/p>\n<p style=\"text-align: justify;\"><span style=\"font-size: 13.0pt; font-family: 'Arial',sans-serif;\">\u00a0<\/span><\/p>\n<p style=\"margin-bottom: 13pt; text-align: justify;\"><span style=\"font-size: 13.0pt; font-family: 'Arial',sans-serif;\">\u00a0<\/span><\/p>\n","protected":false},"excerpt":{"rendered":"<p>Actualit\u00e9\u00a0&#8211; Article de Monsieur Jean-Yves PONS : Les m\u00e9thodes du &#8220;gros capital&#8220;, cosmopolite et apatride, qui r\u00e8gne sans partage sur l&#8217;\u00e9conomie du monde\u00a0mais h\u00e9las aussi\u00a0sur notre malheureux pays depuis que&#8230; <a href=\"https:\/\/charte-fontevrault-providentialisme.fr\/index.php\/2026\/01\/03\/a-propos-des-ignobles-pratiques-du-cimentier-lafarge-mais-pas-que\/\">Cliquez pour lire davantage &raquo;<\/a><\/p>\n","protected":false},"author":7,"featured_media":0,"comment_status":"open","ping_status":"open","sticky":false,"template":"","format":"standard","meta":{"footnotes":""},"categories":[1],"tags":[],"class_list":["post-66060","post","type-post","status-publish","format-standard","hentry","category-non-classe"],"_links":{"self":[{"href":"https:\/\/charte-fontevrault-providentialisme.fr\/index.php\/wp-json\/wp\/v2\/posts\/66060","targetHints":{"allow":["GET"]}}],"collection":[{"href":"https:\/\/charte-fontevrault-providentialisme.fr\/index.php\/wp-json\/wp\/v2\/posts"}],"about":[{"href":"https:\/\/charte-fontevrault-providentialisme.fr\/index.php\/wp-json\/wp\/v2\/types\/post"}],"author":[{"embeddable":true,"href":"https:\/\/charte-fontevrault-providentialisme.fr\/index.php\/wp-json\/wp\/v2\/users\/7"}],"replies":[{"embeddable":true,"href":"https:\/\/charte-fontevrault-providentialisme.fr\/index.php\/wp-json\/wp\/v2\/comments?post=66060"}],"version-history":[{"count":1,"href":"https:\/\/charte-fontevrault-providentialisme.fr\/index.php\/wp-json\/wp\/v2\/posts\/66060\/revisions"}],"predecessor-version":[{"id":66061,"href":"https:\/\/charte-fontevrault-providentialisme.fr\/index.php\/wp-json\/wp\/v2\/posts\/66060\/revisions\/66061"}],"wp:attachment":[{"href":"https:\/\/charte-fontevrault-providentialisme.fr\/index.php\/wp-json\/wp\/v2\/media?parent=66060"}],"wp:term":[{"taxonomy":"category","embeddable":true,"href":"https:\/\/charte-fontevrault-providentialisme.fr\/index.php\/wp-json\/wp\/v2\/categories?post=66060"},{"taxonomy":"post_tag","embeddable":true,"href":"https:\/\/charte-fontevrault-providentialisme.fr\/index.php\/wp-json\/wp\/v2\/tags?post=66060"}],"curies":[{"name":"wp","href":"https:\/\/api.w.org\/{rel}","templated":true}]}}