{"id":66983,"date":"2026-02-16T14:04:46","date_gmt":"2026-02-16T13:04:46","guid":{"rendered":"https:\/\/charte-fontevrault-providentialisme.fr\/?p=66983"},"modified":"2026-02-16T14:09:18","modified_gmt":"2026-02-16T13:09:18","slug":"nomination-de-monsieur-laumonier-de-la-charte-de-fontevrault","status":"publish","type":"post","link":"https:\/\/charte-fontevrault-providentialisme.fr\/index.php\/2026\/02\/16\/nomination-de-monsieur-laumonier-de-la-charte-de-fontevrault\/","title":{"rendered":"Nomination de Monsieur l&#8217;Aum\u00f4nier de la Charte de Fontevrault"},"content":{"rendered":"<p style=\"text-align: justify;\"><span style=\"font-size: 12pt;\"><br \/>\nBien chers amis Fontevristes et sympathisants, bien chers amis lecteurs,<\/span><\/p>\n<p style=\"text-align: justify;\"><span style=\"font-size: 12pt;\">Le lundi 8 d\u00e9cembre dernier, notre Aum\u00f4nier G\u00e9n\u00e9ral Monsieur l&#8217;Abb\u00e9 Johan de Durat \u00e9tait rappel\u00e9 \u00e0 Dieu. Il est inhum\u00e9 au cimeti\u00e8re de la Gaubreti\u00e8re (85130), la commune sur laquelle est situ\u00e9 &#8220;Ramberge&#8221; la demeure familiale qu&#8217;il habitait.<\/span><\/p>\n<p style=\"text-align: justify;\"><span style=\"font-size: 12pt;\">Depuis plus de 25 ann\u00e9es, Monsieur l\u2019Abb\u00e9 de Durat \u00e9tait le 2<sup>\u00e8me<\/sup> Aum\u00f4nier de la Charte. Il avait succ\u00e9d\u00e9 \u00e0 Monsieur l\u2019Abb\u00e9 Joseph Pohu, lui-m\u00eame cofondateur avec Alain Texier du mouvement et de l\u2019association.<\/span><\/p>\n<p style=\"text-align: justify;\"><span style=\"font-size: 12pt;\">Sa disparition, concomitante au retrait op\u00e9rationnel depuis quelque temps du Pr\u00e9sident-Fondateur Alain Texier n\u00e9cessitant la r\u00e9organisation in\u00e9luctable du mouvement, a conduit \u00e0 une r\u00e9flexion sur la charge d\u2019Aum\u00f4nier de la Charte comme sur son r\u00f4le de conseiller et veilleur spirituel.<\/span><\/p>\n<p style=\"text-align: justify;\"><span style=\"font-size: 12pt;\">Lors de cet approfondissement, il a \u00e9t\u00e9 convenu\u00a0que :<br \/>\n<\/span><span style=\"font-size: 12pt;\">. Le titre du nouvel aum\u00f4nier serait \u00ab\u00a0Aum\u00f4nier de la Charte de Fontevrault\u00a0\u00bb, sans aucun autre qualificatif,<\/span><\/p>\n<p style=\"text-align: justify;\"><span style=\"font-size: 12pt;\">. l\u2019objectif de la Charte est de s\u2019\u00e9tendre g\u00e9ographiquement, il sera bon dans le cadre d\u2019une activit\u00e9 locale soutenue, de trouver comme conseiller spirituel un pr\u00eatre ayant les fonctions d\u2019aum\u00f4nier local. Celui-ci sera par la suite nomm\u00e9 \u00ab Chapelain \u00bb par le Conn\u00e9table assist\u00e9 de Monsieur l\u2019Aum\u00f4nier de la Charte.<\/span><\/p>\n<p style=\"text-align: justify;\"><span style=\"font-size: 12pt;\">Ainsi, apr\u00e8s ces deux mois d\u2019attente, le Conn\u00e9table de la Charte, en accord avec le Pr\u00e9sident-Fondateur et le Gouverneur en activit\u00e9, a demand\u00e9 \u00e0 Monsieur l\u2019abb\u00e9 Guy Vandevelde de bien vouloir assumer dor\u00e9navant la charge d\u2019Aum\u00f4nier de la Charte de Fontevrault.<\/span><\/p>\n<p style=\"text-align: justify;\"><strong><span style=\"font-size: 12pt;\">Monsieur l\u2019abb\u00e9 Vandevelde a accept\u00e9, ce dont nous le remercions.<br \/>\n<\/span><\/strong><strong><span style=\"font-size: 12pt;\">Sa nomination est effective \u00e0 partir d\u2019aujourd\u2019hui lundi 16 f\u00e9vrier 2026.<\/span><\/strong><\/p>\n<p style=\"text-align: justify;\"><span style=\"font-size: 12pt;\">Monsieur l\u2019abb\u00e9 Guy Vandevelde, originaire du dioc\u00e8se d\u2019Alger, est retir\u00e9 dans le d\u00e9partement d\u2019Eure-et-Loir apr\u00e8s avoir servi dans l\u2019Aum\u00f4nerie de Marine puis l\u2019Aum\u00f4nerie militaire, pendant une trentaine d\u2019ann\u00e9es. Conseiller religieux du Gouverneur puis du Conn\u00e9table de la Charte, il \u00e9tait venu deux fois au Chapitre de la Charte en 2022 et 2023, et participe souvent \u00e0 la Supplique de Pontmain.<\/span><\/p>\n<p style=\"text-align: justify;\"><span style=\"font-size: 12pt;\">On a pu le lire sur le blogue de la Charte sous son nom propre, ou son surnom de \u00ab baclergeensabots \u00bb.<\/span><\/p>\n<p style=\"text-align: justify;\"><span style=\"font-size: 12pt;\">Tous, nous souhaitons la bienvenue \u00e0 Monsieur l\u2019Aum\u00f4nier de la Charte de Fontevrault. Qu\u2019il nous \u00e9claire spirituellement sur la mission temporelle de chacun de nous au sein de la Charte.<\/span><\/p>\n<p style=\"text-align: justify;\"><span style=\"font-size: 12pt;\">Le Conn\u00e9table<br \/>\n<\/span><span style=\"font-size: 12pt;\">Fran\u00e7ois-Xavier PACHOT (Chouandecoeur)<\/span><\/p>\n<p style=\"text-align: justify;\">\n","protected":false},"excerpt":{"rendered":"<p>Bien chers amis Fontevristes et sympathisants, bien chers amis lecteurs, Le lundi 8 d\u00e9cembre dernier, notre Aum\u00f4nier G\u00e9n\u00e9ral Monsieur l&#8217;Abb\u00e9 Johan de Durat \u00e9tait rappel\u00e9 \u00e0 Dieu. Il est inhum\u00e9&#8230; <a href=\"https:\/\/charte-fontevrault-providentialisme.fr\/index.php\/2026\/02\/16\/nomination-de-monsieur-laumonier-de-la-charte-de-fontevrault\/\">Cliquez pour lire davantage &raquo;<\/a><\/p>\n","protected":false},"author":7,"featured_media":0,"comment_status":"open","ping_status":"open","sticky":false,"template":"","format":"standard","meta":{"footnotes":""},"categories":[1],"tags":[],"class_list":["post-66983","post","type-post","status-publish","format-standard","hentry","category-non-classe"],"_links":{"self":[{"href":"https:\/\/charte-fontevrault-providentialisme.fr\/index.php\/wp-json\/wp\/v2\/posts\/66983","targetHints":{"allow":["GET"]}}],"collection":[{"href":"https:\/\/charte-fontevrault-providentialisme.fr\/index.php\/wp-json\/wp\/v2\/posts"}],"about":[{"href":"https:\/\/charte-fontevrault-providentialisme.fr\/index.php\/wp-json\/wp\/v2\/types\/post"}],"author":[{"embeddable":true,"href":"https:\/\/charte-fontevrault-providentialisme.fr\/index.php\/wp-json\/wp\/v2\/users\/7"}],"replies":[{"embeddable":true,"href":"https:\/\/charte-fontevrault-providentialisme.fr\/index.php\/wp-json\/wp\/v2\/comments?post=66983"}],"version-history":[{"count":5,"href":"https:\/\/charte-fontevrault-providentialisme.fr\/index.php\/wp-json\/wp\/v2\/posts\/66983\/revisions"}],"predecessor-version":[{"id":66988,"href":"https:\/\/charte-fontevrault-providentialisme.fr\/index.php\/wp-json\/wp\/v2\/posts\/66983\/revisions\/66988"}],"wp:attachment":[{"href":"https:\/\/charte-fontevrault-providentialisme.fr\/index.php\/wp-json\/wp\/v2\/media?parent=66983"}],"wp:term":[{"taxonomy":"category","embeddable":true,"href":"https:\/\/charte-fontevrault-providentialisme.fr\/index.php\/wp-json\/wp\/v2\/categories?post=66983"},{"taxonomy":"post_tag","embeddable":true,"href":"https:\/\/charte-fontevrault-providentialisme.fr\/index.php\/wp-json\/wp\/v2\/tags?post=66983"}],"curies":[{"name":"wp","href":"https:\/\/api.w.org\/{rel}","templated":true}]}}