{"id":67088,"date":"2026-03-28T16:06:01","date_gmt":"2026-03-28T15:06:01","guid":{"rendered":"https:\/\/charte-fontevrault-providentialisme.fr\/?p=67088"},"modified":"2026-03-28T16:06:01","modified_gmt":"2026-03-28T15:06:01","slug":"le-mot-de-laumonier","status":"publish","type":"post","link":"https:\/\/charte-fontevrault-providentialisme.fr\/index.php\/2026\/03\/28\/le-mot-de-laumonier\/","title":{"rendered":"Le mot de l\u2019Aum\u00f4nier"},"content":{"rendered":"<p><span style=\"font-size: 12pt;\"><br \/>\n<span style=\"color: #ff0000;\"><strong>Pour cet article, les commentaires sont ouverts !<\/strong><\/span><\/span><\/p>\n<p style=\"text-align: justify;\"><strong><span style=\"font-size: 12pt;\">BAPT\u00caMES DE P\u00c2QUES A.D. 2026<\/span><\/strong><\/p>\n<p style=\"text-align: justify;\"><span style=\"font-size: 12pt;\">Les nombreux Appel\u00e9s de la Vigile pascale, adultes et adolescents, se tournent vers le Bapt\u00eame en un moment o\u00f9 il devient \u00e9vident que la foi au Christ n\u2019est pas comme un chapeau que l\u2019on se met sur la t\u00eate, l\u2019un de ces accessoires somme toute ind\u00e9modables, qui ach\u00e8vent la figure de l\u2019honn\u00eate homme, selon l\u2019image \u00e9l\u00e9gante d\u2019un th\u00e9ologien moderne. Non, la foi est l\u2019adh\u00e9sion \u00e0 J\u00e9sus-Christ seul Sauveur, au plan temporel et au plan \u00e9ternel : car en dehors de Lui, selon l\u2019expression ampoul\u00e9e de Vatican II, on s\u2019expose au d\u00e9sespoir d\u2019une perte \u00e9ternelle ; ce qui signifie en clair, que si l\u2019on ne re\u00e7oit pas le Bapt\u00eame qui est annonc\u00e9 et si l\u2019on ne pers\u00e9v\u00e8re pas jusqu\u2019\u00e0 la fin dans la foi qui est propos\u00e9e, on est damn\u00e9.<\/span><\/p>\n<p style=\"text-align: justify;\"><span style=\"font-size: 12pt;\">Quant au salut aussi temporel, nous venons d\u2019assister ces jours-ci \u00e0 l\u2019effondrement d\u00e9finitif de l\u2019humanisme occidental rationaliste inaugur\u00e9 par la Renaissance aux XV\u00b0-XVI\u00b0 si\u00e8cles. Impossible aujourd\u2019hui de ne pas voir l\u2019\u00e9chec total des instances mondiales\u00a0; le droit international, disqualifi\u00e9 depuis des d\u00e9cennies par une hypocrisie patente, s\u2019est englouti \u00e0 jamais dans des torrents d\u2019horreur\u00a0; comment masquer plus longtemps le cauchemar qu\u2019\u00e9taient en train de devenir les \u00e9bauches de gouvernance globale, qui s\u2019\u00e9vanouissent de plus en plus sans perspective de retour\u00a0? Nous ne sommes pas dupes.<\/span><\/p>\n<p style=\"text-align: justify;\"><span style=\"font-size: 12pt;\">Appara\u00eet alors en pleine lumi\u00e8re, le plus confondant pour nous, catholiques\u00a0: la sainte \u00c9glise romaine, sans r\u00e9ussir encore \u00e0 se l\u2019avouer, a comme \u00e9pous\u00e9 les valeurs de cet humanisme d\u00e9sormais p\u00e9rim\u00e9; c\u2019est terrifiant de le dire, car nous pensons immanquablement \u00e0 un adult\u00e8re. Il est path\u00e9tique de voir que son message au monde, est celui des droits de l\u2019homme et de la dignit\u00e9 inali\u00e9nable de toute personne humaine\u00a0; tandis que le monde qui s\u2019en gargarise encore, est en r\u00e9alit\u00e9 pass\u00e9 \u00e0 tout autre chose. Ainsi de l\u2019\u00e9piscopat par exemple, s\u2019adressant aux autorit\u00e9s et aux gens \u00e0 propos des derni\u00e8res lois sc\u00e9l\u00e9rates en France\u00a0; ou du Souverain Pontife \u00e0 l\u2019<em>Angelus<\/em> depuis la fen\u00eatre du palais apostolique, se lamentant de Dimanche en Dimanche, devant les atrocit\u00e9s des guerres toujours en cours, appelant \u00e0 un sursaut d\u2019humanit\u00e9 face \u00e0 la barbarie.<\/span><\/p>\n<p style=\"text-align: justify;\"><span style=\"font-size: 12pt;\">Or les paroles de ces jours o\u00f9 nous sommes, sont celles des v\u00e9rit\u00e9s \u00e9ternelles ! Le seul droit universel, est celui des Dix Commandements, \u00e0 qui tous sont tenus d\u2019ob\u00e9ir et qui ne souffrent aucune exception. Une Loi, qui n\u2019est pas impos\u00e9e par la nation la plus puissante, quelle nation au fait ? mais qui demande ob\u00e9issance d\u00e8s le Commencement ;\u00a0 Commandements promulgu\u00e9s ensuite par l\u2019autorit\u00e9 du Cr\u00e9ateur Qui les a grav\u00e9s dans le c\u0153ur de l\u2019homme, de sorte qu\u2019ils restent accessibles \u00e0 la conscience, m\u00eame apr\u00e8s le p\u00e9ch\u00e9 originel et l\u2019entassement des montagnes de p\u00e9ch\u00e9s personnels. De m\u00eame, la seule paix qui nous soit envisageable, est celle qui jaillit du Sacr\u00e9-C\u0153ur de J\u00e9sus et du C\u0153ur immacul\u00e9 de Marie, comme un seul c\u0153ur au Calvaire.<\/span><\/p>\n<p style=\"text-align: justify;\"><span style=\"font-size: 12pt;\">Lui, le Christ, Dieu fait homme par amour, a enlev\u00e9 sur Lui le p\u00e9ch\u00e9 du monde et les p\u00e9ch\u00e9s des multitudes, faisant la paix par le sang de Sa Croix ; mort et mis au tombeau, Il a prouv\u00e9 Sa Divinit\u00e9 en ressuscitant le troisi\u00e8me jour, conform\u00e9ment aux \u00c9critures, et en envoyant d\u2019aupr\u00e8s de Dieu le Saint Esprit, cinquante jours apr\u00e8s Sa R\u00e9surrection, comme Il l\u2019avait promis. Elle, la M\u00e8re de Dieu, qui pr\u00e9side \u00e0 Son Retour dans la gloire, elle qui fut l\u2019humble servante de Son premier Av\u00e8nement. Car nous attendons maintenant que se r\u00e9alise la pri\u00e8re que le Ma\u00eetre nous a enseign\u00e9e : que Son r\u00e8gne vienne, que Sa volont\u00e9 soit faite, comme au Ciel ainsi aussi sur la terre ; et qu\u2019Il nous garde du mauvais.<\/span><\/p>\n<p style=\"text-align: justify;\"><span style=\"font-size: 12pt;\">Il n\u2019est pas d\u2019autre nom qui soit donn\u00e9 aux hommes pour \u00eatre sauv\u00e9s, que celui d\u2019Emmanuel. Ne soyons pas les derniers \u00e0 nous lib\u00e9rer de la magie noire encore op\u00e9rante du la\u00efcisme s\u00e9cularis\u00e9, pour proclamer \u00e0 temps et \u00e0 contre-temps\u00a0: J\u00e9sus, c\u2019est-\u00e0-dire \u00ab\u00a0Dieu sauve\u00a0\u00bb, Christ et vrai Roi de France. Pour s\u00fbr\u00a0!<\/span><\/p>\n","protected":false},"excerpt":{"rendered":"<p>Pour cet article, les commentaires sont ouverts ! BAPT\u00caMES DE P\u00c2QUES A.D. 2026 Les nombreux Appel\u00e9s de la Vigile pascale, adultes et adolescents, se tournent vers le Bapt\u00eame en un&#8230; <a href=\"https:\/\/charte-fontevrault-providentialisme.fr\/index.php\/2026\/03\/28\/le-mot-de-laumonier\/\">Cliquez pour lire davantage &raquo;<\/a><\/p>\n","protected":false},"author":7,"featured_media":0,"comment_status":"open","ping_status":"open","sticky":false,"template":"","format":"standard","meta":{"footnotes":""},"categories":[1],"tags":[],"class_list":["post-67088","post","type-post","status-publish","format-standard","hentry","category-non-classe"],"_links":{"self":[{"href":"https:\/\/charte-fontevrault-providentialisme.fr\/index.php\/wp-json\/wp\/v2\/posts\/67088","targetHints":{"allow":["GET"]}}],"collection":[{"href":"https:\/\/charte-fontevrault-providentialisme.fr\/index.php\/wp-json\/wp\/v2\/posts"}],"about":[{"href":"https:\/\/charte-fontevrault-providentialisme.fr\/index.php\/wp-json\/wp\/v2\/types\/post"}],"author":[{"embeddable":true,"href":"https:\/\/charte-fontevrault-providentialisme.fr\/index.php\/wp-json\/wp\/v2\/users\/7"}],"replies":[{"embeddable":true,"href":"https:\/\/charte-fontevrault-providentialisme.fr\/index.php\/wp-json\/wp\/v2\/comments?post=67088"}],"version-history":[{"count":1,"href":"https:\/\/charte-fontevrault-providentialisme.fr\/index.php\/wp-json\/wp\/v2\/posts\/67088\/revisions"}],"predecessor-version":[{"id":67089,"href":"https:\/\/charte-fontevrault-providentialisme.fr\/index.php\/wp-json\/wp\/v2\/posts\/67088\/revisions\/67089"}],"wp:attachment":[{"href":"https:\/\/charte-fontevrault-providentialisme.fr\/index.php\/wp-json\/wp\/v2\/media?parent=67088"}],"wp:term":[{"taxonomy":"category","embeddable":true,"href":"https:\/\/charte-fontevrault-providentialisme.fr\/index.php\/wp-json\/wp\/v2\/categories?post=67088"},{"taxonomy":"post_tag","embeddable":true,"href":"https:\/\/charte-fontevrault-providentialisme.fr\/index.php\/wp-json\/wp\/v2\/tags?post=67088"}],"curies":[{"name":"wp","href":"https:\/\/api.w.org\/{rel}","templated":true}]}}