{"id":69949,"date":"2026-09-01T10:29:13","date_gmt":"2026-09-01T08:29:13","guid":{"rendered":"https:\/\/charte-fontevrault-providentialisme.fr\/?p=69949"},"modified":"2026-09-01T10:29:13","modified_gmt":"2026-09-01T08:29:13","slug":"pour-le-8-septembre-neuvaine-de-la-nativite-de-marie","status":"publish","type":"post","link":"https:\/\/charte-fontevrault-providentialisme.fr\/index.php\/2026\/09\/01\/pour-le-8-septembre-neuvaine-de-la-nativite-de-marie\/","title":{"rendered":"Pour le 8 septembre : Neuvaine de la Nativit\u00e9 de Marie"},"content":{"rendered":"<p style=\"text-align: justify;\">\n<span style=\"font-size: 12pt;\"><strong>En cette ann\u00e9e 2026, voici une neuvaine particuli\u00e8rement appropri\u00e9e pour la France !<\/strong><\/p>\n<p>Les termes employ\u00e9s et son expression \u00e0 Marie Reine de France sont les bienvenus apr\u00e8s le 15 ao\u00fbt, f\u00eate de son Assomption et du v\u0153u de Louis XIII.<\/p>\n<p>Marie Enfant !<\/span><span style=\"font-size: 12pt;\"><br \/>\nC&#8217;est \u00e0 son C\u0153ur Immacul\u00e9 que sont maintenant consacr\u00e9es, \u00e0 la fois la Charte de Fontevraud, d\u00e8s sa fondation, avec son renouvellement \u00e0 Loublande le 6 juillet dernier, et la Supplique \u00e0 Dieu pour le retour du Roi de Pontmain dont la Sainte Enfant est l&#8217;initiatrice :<\/span><\/p>\n<p style=\"text-align: justify;\"><span style=\"color: #0000ff;\"><strong><span style=\"font-size: 12pt;\">Douce Vierge Marie, nous venons humblement v\u00e9n\u00e9rer votre Enfance.<\/span><\/strong><\/span><\/p>\n<p style=\"text-align: justify;\"><span style=\"color: #0000ff;\"><strong><span style=\"font-size: 12pt;\">Sous ces faibles dehors vous r\u00e9jouissiez le ciel, et Dieu prenait en vous Ses complaisances les plus infinies en attendant J\u00e9sus, comme le disent de vous les livres saints\u00a0: <em>Parce que j\u2019\u00e9tais petite, j\u2019ai plu au Tr\u00e8s-Haut<\/em>.<\/span><\/strong><\/span><\/p>\n<p style=\"text-align: justify;\"><span style=\"color: #0000ff;\"><strong><span style=\"font-size: 12pt;\">\u00d4 Vierge Enfant, attente des nations et du ciel, effroi des enfers, rendez au beau pays de France son \u00e2me sainte, chr\u00e9tienne, vaillante, simple, laborieuse et h\u00e9ro\u00efque des temps pass\u00e9s.<\/span><\/strong><\/span><\/p>\n<p style=\"text-align: justify;\"><span style=\"color: #0000ff;\"><strong><span style=\"font-size: 12pt;\">\u00d4 vierge Enfant, douce Reine du noble pays de France, prenez piti\u00e9 de votre royaume, de vos aimants sujets, et \u00e9cartez-en toute trahison, toute perfidie, tout mal, par la candeur, le charme et la faiblesse toute-puissante de votre Enfance.<\/span><\/strong><\/span><\/p>\n<p style=\"text-align: justify;\"><span style=\"color: #0000ff;\"><strong><span style=\"font-size: 12pt;\">\u00d4 Vierge Enfant, sauvez-nous, et sauvez notre pays de France\u00a0: vous avez \u00e9cras\u00e9 de votre pied virginal toute h\u00e9r\u00e9sie en \u00e9crasant la t\u00eate du d\u00e9mon.<\/span><\/strong><\/span><\/p>\n<p style=\"text-align: justify;\"><span style=\"color: #0000ff;\"><strong><span style=\"font-size: 12pt;\">\u00d4 douce Enfant Marie, faites de ce peuple roi un peuple de saints en ce monde, pour qu\u2019il soit \u00e9ternellement le peuple ch\u00e9ri de Dieu dont vous \u00eates la M\u00e8re, l\u2019\u00c9pouse et la Fille,<br \/>\n<\/span><\/strong><\/span><span style=\"font-size: 12pt;\"><span style=\"color: #0000ff;\"><strong>Ainsi soit-il\u00a0!<\/strong><\/span><\/p>\n<p>Chouandecoeur<br \/>\n<span style=\"font-size: 10pt;\">NB. Il vous faudra rattraper une journ\u00e9e pour terminer cette neuvaine le 8 septembre prochain.<\/p>\n<p><\/span><\/span><\/p>\n","protected":false},"excerpt":{"rendered":"<p>En cette ann\u00e9e 2026, voici une neuvaine particuli\u00e8rement appropri\u00e9e pour la France ! Les termes employ\u00e9s et son expression \u00e0 Marie Reine de France sont les bienvenus apr\u00e8s le 15&#8230; <a href=\"https:\/\/charte-fontevrault-providentialisme.fr\/index.php\/2026\/09\/01\/pour-le-8-septembre-neuvaine-de-la-nativite-de-marie\/\">Cliquez pour lire davantage &raquo;<\/a><\/p>\n","protected":false},"author":7,"featured_media":0,"comment_status":"open","ping_status":"open","sticky":false,"template":"","format":"standard","meta":{"footnotes":""},"categories":[1],"tags":[],"class_list":["post-69949","post","type-post","status-publish","format-standard","hentry","category-non-classe"],"_links":{"self":[{"href":"https:\/\/charte-fontevrault-providentialisme.fr\/index.php\/wp-json\/wp\/v2\/posts\/69949","targetHints":{"allow":["GET"]}}],"collection":[{"href":"https:\/\/charte-fontevrault-providentialisme.fr\/index.php\/wp-json\/wp\/v2\/posts"}],"about":[{"href":"https:\/\/charte-fontevrault-providentialisme.fr\/index.php\/wp-json\/wp\/v2\/types\/post"}],"author":[{"embeddable":true,"href":"https:\/\/charte-fontevrault-providentialisme.fr\/index.php\/wp-json\/wp\/v2\/users\/7"}],"replies":[{"embeddable":true,"href":"https:\/\/charte-fontevrault-providentialisme.fr\/index.php\/wp-json\/wp\/v2\/comments?post=69949"}],"version-history":[{"count":1,"href":"https:\/\/charte-fontevrault-providentialisme.fr\/index.php\/wp-json\/wp\/v2\/posts\/69949\/revisions"}],"predecessor-version":[{"id":69950,"href":"https:\/\/charte-fontevrault-providentialisme.fr\/index.php\/wp-json\/wp\/v2\/posts\/69949\/revisions\/69950"}],"wp:attachment":[{"href":"https:\/\/charte-fontevrault-providentialisme.fr\/index.php\/wp-json\/wp\/v2\/media?parent=69949"}],"wp:term":[{"taxonomy":"category","embeddable":true,"href":"https:\/\/charte-fontevrault-providentialisme.fr\/index.php\/wp-json\/wp\/v2\/categories?post=69949"},{"taxonomy":"post_tag","embeddable":true,"href":"https:\/\/charte-fontevrault-providentialisme.fr\/index.php\/wp-json\/wp\/v2\/tags?post=69949"}],"curies":[{"name":"wp","href":"https:\/\/api.w.org\/{rel}","templated":true}]}}