{"id":7265,"date":"2015-02-15T09:00:04","date_gmt":"2015-02-15T09:00:04","guid":{"rendered":"https:\/\/chartedefontevraultprovidentialisme.wordpress.com\/?p=7265"},"modified":"2015-02-15T09:00:04","modified_gmt":"2015-02-15T09:00:04","slug":"dresde-allemagne-bombardement-des-13-et-14-fevier-1945-une-tempete-de-feu-sabat-sur-la-florence-de-lelbe","status":"publish","type":"post","link":"https:\/\/charte-fontevrault-providentialisme.fr\/index.php\/2015\/02\/15\/dresde-allemagne-bombardement-des-13-et-14-fevier-1945-une-tempete-de-feu-sabat-sur-la-florence-de-lelbe\/","title":{"rendered":"Dresde (Allemagne). Bombardement des 13 et 14 f\u00e9vier 1945. Une temp\u00eate de feu s&#8217;abat sur  la &#8220;Florence de l&#8217;Elbe."},"content":{"rendered":"<p><a href=\"https:\/\/chartedefontevraultprovidentialisme.files.wordpress.com\/2015\/02\/fotothek_df_ps_0000263_001_lesende_frau_auf_dem_mauervorsprung_einer_ruine_sitz.jpg\"><img loading=\"lazy\" decoding=\"async\" class=\"aligncenter size-large wp-image-7266\" src=\"https:\/\/chartedefontevraultprovidentialisme.files.wordpress.com\/2015\/02\/fotothek_df_ps_0000263_001_lesende_frau_auf_dem_mauervorsprung_einer_ruine_sitz.jpg?w=640\" alt=\"Fotothek_df_ps_0000263_001_Lesende_Frau,_auf_dem_Mauervorsprung_einer_Ruine_sitz\" width=\"640\" height=\"658\" \/><\/a><\/p>\n<p><span style=\"color:#008000;\">Dresser les populations \u00a0civiles allemandes \u00a0contre leur Gouvernement ou \/ et affaiblir leur resistance. Dresde marque le paroxysme de cette strat\u00e9gie. L&#8217;ancienne capitale du royaume de Saxe est surnomm\u00e9e la <em>\u00abFlorence de l&#8217;Elbe\u00bb<\/em> en raison de ses richesses artistiques et architecturales. Dans les derni\u00e8res semaines de la guerre, l&#8217;afflux de r\u00e9fugi\u00e9s hisse sa population de 600.000 habitants \u00e0 pr\u00e8s d&#8217;un million.<\/span><\/p>\n<p><span style=\"color:#008000;\">Le bombardement des 13 et 14 f\u00e9vrier 1945 survient alors m\u00eame que ces r\u00e9fugi\u00e9s tentent d&#8217;oublier les horreurs de la guerre dans un carnaval improvis\u00e9.<\/span><\/p>\n<p><span style=\"color:#008000;\">Au total, en quinze heures, 7.000 tonnes de bombes incendiaires tombent sur Dresde, d\u00e9truisant plus de la moiti\u00e9 des habitations et le quart des zones industrielles.<\/span><\/p>\n<p><span style=\"color:#008000;\">Une grande partie de la ville est r\u00e9duite en cendres et avec elle environ 35.000 personnes, dont 25.000 ont \u00e9t\u00e9 identifi\u00e9es. Beaucoup de victimes disparaissent en fum\u00e9e sous l&#8217;effet d&#8217;une temp\u00e9rature souvent sup\u00e9rieure \u00e0 1000\u00b0C.<\/span><\/p>\n<p><span style=\"color:#008000;\">L&#8217;\u00e9valuation actuelle de 35.000 morts (dont 25.000 corps identifi\u00e9s) r\u00e9sulte des travaux d&#8217;une commission d&#8217;historiens mandat\u00e9e par la ville de Dresde. Le chercheur allemand J\u00f6rg Friedrich, qui n&#8217;est pas tendre pour les Alli\u00e9s, fait \u00e9tat de 40.000 morts dans son livre <em>Der Brand<\/em> (<em>L&#8217;incendie<\/em>).<\/span><\/p>\n<p><a href=\"http:\/\/www.herodote.net\/14_fevrier_1945-evenement-19450214.php\">http:\/\/www.herodote.net\/14_fevrier_1945-evenement-19450214.php<\/a><\/p>\n<p><span style=\"color:#ff6600;\">Et aussi\u00a0:<\/span><\/p>\n<ul>\n<li><a href=\"http:\/\/fr.wikipedia.org\/wiki\/Bombardement_de_Dresde\">http:\/\/fr.wikipedia.org\/wiki\/Bombardement_de_Dresde<\/a><\/li>\n<li><a href=\"https:\/\/www.youtube.com\/watch?v=iGMowcad67E\">https:\/\/www.youtube.com\/watch?v=iGMowcad67E<\/a><\/li>\n<li><a href=\"http:\/\/secondeguerre.net\/articles\/evenements\/ou\/45\/ev_bombardementdres\">http:\/\/secondeguerre.net\/articles\/evenements\/ou\/45\/ev_bombardementdres<\/a><\/li>\n<li><a href=\"http:\/\/www.memoire-net.org\/article.php3?id_article=268\">http:\/\/www.memoire-net.org\/article.php3?id_article=268<\/a><\/li>\n<li><a href=\"http:\/\/www.circe.paris-sorbonne.fr\/villes\/dresde_loublier\/reconstruction_centre.html\">http:\/\/www.circe.paris-sorbonne.fr\/villes\/dresde_loublier\/reconstruction_centre.html<\/a><\/li>\n<\/ul>\n<p>&nbsp;<\/p>\n<p>&nbsp;<\/p>\n<p>&nbsp;<\/p>\n<p>&nbsp;<\/p>\n<p>Et aussi\u00a0:<\/p>\n","protected":false},"excerpt":{"rendered":"<p>Dresser les populations \u00a0civiles allemandes \u00a0contre leur Gouvernement ou \/ et affaiblir leur resistance. Dresde marque le paroxysme de cette strat\u00e9gie. L&#8217;ancienne capitale du royaume de Saxe est surnomm\u00e9e la&#8230; <a href=\"https:\/\/charte-fontevrault-providentialisme.fr\/index.php\/2015\/02\/15\/dresde-allemagne-bombardement-des-13-et-14-fevier-1945-une-tempete-de-feu-sabat-sur-la-florence-de-lelbe\/\">Cliquez pour lire davantage &raquo;<\/a><\/p>\n","protected":false},"author":5,"featured_media":0,"comment_status":"open","ping_status":"open","sticky":false,"template":"","format":"standard","meta":{"footnotes":""},"categories":[10],"tags":[5762,11583],"class_list":["post-7265","post","type-post","status-publish","format-standard","hentry","category-blogs-et-sites-memoriels","tag-dresde","tag-i-ere-guerre-mondiale"],"_links":{"self":[{"href":"https:\/\/charte-fontevrault-providentialisme.fr\/index.php\/wp-json\/wp\/v2\/posts\/7265","targetHints":{"allow":["GET"]}}],"collection":[{"href":"https:\/\/charte-fontevrault-providentialisme.fr\/index.php\/wp-json\/wp\/v2\/posts"}],"about":[{"href":"https:\/\/charte-fontevrault-providentialisme.fr\/index.php\/wp-json\/wp\/v2\/types\/post"}],"author":[{"embeddable":true,"href":"https:\/\/charte-fontevrault-providentialisme.fr\/index.php\/wp-json\/wp\/v2\/users\/5"}],"replies":[{"embeddable":true,"href":"https:\/\/charte-fontevrault-providentialisme.fr\/index.php\/wp-json\/wp\/v2\/comments?post=7265"}],"version-history":[{"count":0,"href":"https:\/\/charte-fontevrault-providentialisme.fr\/index.php\/wp-json\/wp\/v2\/posts\/7265\/revisions"}],"wp:attachment":[{"href":"https:\/\/charte-fontevrault-providentialisme.fr\/index.php\/wp-json\/wp\/v2\/media?parent=7265"}],"wp:term":[{"taxonomy":"category","embeddable":true,"href":"https:\/\/charte-fontevrault-providentialisme.fr\/index.php\/wp-json\/wp\/v2\/categories?post=7265"},{"taxonomy":"post_tag","embeddable":true,"href":"https:\/\/charte-fontevrault-providentialisme.fr\/index.php\/wp-json\/wp\/v2\/tags?post=7265"}],"curies":[{"name":"wp","href":"https:\/\/api.w.org\/{rel}","templated":true}]}}