{"id":8454,"date":"2015-07-19T16:57:44","date_gmt":"2015-07-19T16:57:44","guid":{"rendered":"https:\/\/chartedefontevraultprovidentialisme.wordpress.com\/?p=8454"},"modified":"2015-07-19T16:57:44","modified_gmt":"2015-07-19T16:57:44","slug":"les-propos-du-president-hollande-sur-le-gouvernement-de-leuro-pourraient-ils-entrainer-sa-destitution","status":"publish","type":"post","link":"https:\/\/charte-fontevrault-providentialisme.fr\/index.php\/2015\/07\/19\/les-propos-du-president-hollande-sur-le-gouvernement-de-leuro-pourraient-ils-entrainer-sa-destitution\/","title":{"rendered":"Les propos du Pr\u00e9sident  Hollande  sur le  gouvernement de l&#8217;Euro pourraient-ils entra\u00eener  sa destitution ?"},"content":{"rendered":"<p><span style=\"color:#ff6600;\"><a href=\"https:\/\/chartedefontevraultprovidentialisme.files.wordpress.com\/2015\/07\/images.jpeg\"><img loading=\"lazy\" decoding=\"async\" class=\"alignleft wp-image-8485\" src=\"https:\/\/chartedefontevraultprovidentialisme.files.wordpress.com\/2015\/07\/images.jpeg\" alt=\"images\" width=\"238\" height=\"143\" \/><\/a>le Pr\u00e9sident \u00a0de la R\u00e9publique Fran\u00e7ois Hollande est-il toujours le\u00a0<strong>garant de l&#8217;ind\u00e9pendance nationale<\/strong><\/span>\u00a0lorsqu&#8217;il propose\u00a0<em>Un gouvernement avec un Parlement et un budget sp\u00e9cifique ?<\/em><\/p>\n<p><span style=\"color:#008000;\"><em>\u00ab Mais nous ne pouvons en rester l\u00e0. J\u2019ai propos\u00e9 de reprendre l\u2019id\u00e9e de Jacques Delors du gouvernement de la zone euro et d\u2019y ajouter un budget sp\u00e9cifique ainsi qu\u2019un Parlement pour en assurer le contr\u00f4le d\u00e9mocratique \u00bb, ajoute le chef de l\u2019Etat\u00a0\u00bb<\/em><\/span><\/p>\n<p><a href=\"http:\/\/www.lemonde.fr\/europe\/article\/2015\/07\/19\/hollande-plaide-pour-un-gouvernement-de-la-zone-euro_4689349_3214.html\">http:\/\/www.lemonde.fr\/europe\/article\/2015\/07\/19\/hollande-plaide-pour-un-gouvernement-de-la-zone-euro_4689349_3214.html<\/a><\/p>\n<p><strong>ARTICLE 5.<\/strong><\/p>\n<p><span style=\"color:#008000;\"><strong>Le Pr\u00e9sident de la R\u00e9publique veille au respect de la Constitution<\/strong>. Il assure, par son arbitrage, le fonctionnement r\u00e9gulier des pouvoirs publics ainsi que la continuit\u00e9 de l&#8217;\u00c9tat. \u2028\u2028<strong>Il est le garant de l&#8217;ind\u00e9pendance nationale,<\/strong> de l&#8217;int\u00e9grit\u00e9 du territoire et du respect des trait\u00e9s.<\/span><\/p>\n<p><span style=\"color:#008000;\"><strong>ARTICLE 68.<\/strong><\/span><\/p>\n<p><span style=\"color:#008000;\"><strong>Le Pr\u00e9sident de la R\u00e9publique ne peut \u00eatre destitu\u00e9 qu&#8217;en cas de manquement \u00e0 ses devoirs manifestement incompatible avec l&#8217;exercice de son mandat. <\/strong><\/span><\/p>\n<p><span style=\"color:#008000;\">La destitution est prononc\u00e9e par le Parlement constitu\u00e9 en Haute Cour. \u2028\u2028<\/span><\/p>\n<p><span style=\"color:#008000;\">La proposition de r\u00e9union de la Haute Cour adopt\u00e9e par une des assembl\u00e9es du Parlement est aussit\u00f4t transmise \u00e0 l&#8217;autre qui se prononce dans les quinze jours. \u2028\u2028<\/span><\/p>\n<p><span style=\"color:#008000;\">La Haute Cour est pr\u00e9sid\u00e9e par le pr\u00e9sident de l&#8217;Assembl\u00e9e nationale. Elle statue dans un d\u00e9lai d&#8217;un mois, \u00e0 bulletins secrets, sur la destitution. Sa d\u00e9cision est d&#8217;effet imm\u00e9diat. \u2028\u2028<\/span><\/p>\n<p><span style=\"color:#008000;\">Les d\u00e9cisions prises en application du pr\u00e9sent article le sont \u00e0 la majorit\u00e9 des deux tiers des membres composant l&#8217;assembl\u00e9e concern\u00e9e ou la Haute Cour. Toute d\u00e9l\u00e9gation de vote est interdite. Seuls sont recens\u00e9s les votes favorables \u00e0 la proposition de r\u00e9union de la Haute Cour ou \u00e0 la destitution<\/span><\/p>\n<p><span style=\"color:#008000;\">Une loi organique fixe les conditions d&#8217;application du pr\u00e9sent article.<\/span><\/p>\n","protected":false},"excerpt":{"rendered":"<p>le Pr\u00e9sident \u00a0de la R\u00e9publique Fran\u00e7ois Hollande est-il toujours le\u00a0garant de l&#8217;ind\u00e9pendance nationale\u00a0lorsqu&#8217;il propose\u00a0Un gouvernement avec un Parlement et un budget sp\u00e9cifique ? \u00ab Mais nous ne pouvons en rester&#8230; <a href=\"https:\/\/charte-fontevrault-providentialisme.fr\/index.php\/2015\/07\/19\/les-propos-du-president-hollande-sur-le-gouvernement-de-leuro-pourraient-ils-entrainer-sa-destitution\/\">Cliquez pour lire davantage &raquo;<\/a><\/p>\n","protected":false},"author":2,"featured_media":0,"comment_status":"open","ping_status":"open","sticky":false,"template":"","format":"standard","meta":{"footnotes":""},"categories":[21],"tags":[1177,1178,6736,7399,10015],"class_list":["post-8454","post","type-post","status-publish","format-standard","hentry","category-limites-de-la-republique","tag-article-5-constitution-de-1958","tag-article-68-constitution-de-1958","tag-euro","tag-francois-hollande","tag-http-www-lemonde-fr"],"_links":{"self":[{"href":"https:\/\/charte-fontevrault-providentialisme.fr\/index.php\/wp-json\/wp\/v2\/posts\/8454","targetHints":{"allow":["GET"]}}],"collection":[{"href":"https:\/\/charte-fontevrault-providentialisme.fr\/index.php\/wp-json\/wp\/v2\/posts"}],"about":[{"href":"https:\/\/charte-fontevrault-providentialisme.fr\/index.php\/wp-json\/wp\/v2\/types\/post"}],"author":[{"embeddable":true,"href":"https:\/\/charte-fontevrault-providentialisme.fr\/index.php\/wp-json\/wp\/v2\/users\/2"}],"replies":[{"embeddable":true,"href":"https:\/\/charte-fontevrault-providentialisme.fr\/index.php\/wp-json\/wp\/v2\/comments?post=8454"}],"version-history":[{"count":0,"href":"https:\/\/charte-fontevrault-providentialisme.fr\/index.php\/wp-json\/wp\/v2\/posts\/8454\/revisions"}],"wp:attachment":[{"href":"https:\/\/charte-fontevrault-providentialisme.fr\/index.php\/wp-json\/wp\/v2\/media?parent=8454"}],"wp:term":[{"taxonomy":"category","embeddable":true,"href":"https:\/\/charte-fontevrault-providentialisme.fr\/index.php\/wp-json\/wp\/v2\/categories?post=8454"},{"taxonomy":"post_tag","embeddable":true,"href":"https:\/\/charte-fontevrault-providentialisme.fr\/index.php\/wp-json\/wp\/v2\/tags?post=8454"}],"curies":[{"name":"wp","href":"https:\/\/api.w.org\/{rel}","templated":true}]}}