{"id":8520,"date":"2015-07-22T10:00:21","date_gmt":"2015-07-22T10:00:21","guid":{"rendered":"https:\/\/chartedefontevraultprovidentialisme.wordpress.com\/?p=8520"},"modified":"2015-07-22T10:00:21","modified_gmt":"2015-07-22T10:00:21","slug":"22-juillet-2015-fete-de-sainte-marie-madeleine-protectrice-des-responsables-supremes-de-la-charte-de-fontevrault","status":"publish","type":"post","link":"https:\/\/charte-fontevrault-providentialisme.fr\/index.php\/2015\/07\/22\/22-juillet-2015-fete-de-sainte-marie-madeleine-protectrice-des-responsables-supremes-de-la-charte-de-fontevrault\/","title":{"rendered":"22 juillet 2015. FETE DE SAINTE MARIE-MADELEINE, protectrice des responsables supr\u00eames de la Charte de Fontevrault."},"content":{"rendered":"<div id=\"attachment_8521\" style=\"width: 280px\" class=\"wp-caption alignleft\"><a href=\"https:\/\/chartedefontevraultprovidentialisme.files.wordpress.com\/2015\/07\/220px-noli_me_tangere_fresco_by_fra_angelico.jpg\"><img loading=\"lazy\" decoding=\"async\" aria-describedby=\"caption-attachment-8521\" class=\"wp-image-8521\" src=\"https:\/\/chartedefontevraultprovidentialisme.files.wordpress.com\/2015\/07\/220px-noli_me_tangere_fresco_by_fra_angelico.jpg\" alt=\"220px-Noli_me_tangere,_fresco_by_Fra_Angelico\" width=\"270\" height=\"357\" \/><\/a><p id=\"caption-attachment-8521\" class=\"wp-caption-text\">https:\/\/fr.wikipedia.org\/wiki\/Noli_me_tangere<\/p><\/div>\n<h3><strong>NDLRB<\/strong><em>. <\/em><span style=\"color:#008000;\"><em>Nous prions tous les lecteurs de cette mise en ligne de bien vouloir r\u00e9citer &#8211; \u00e0 l&#8217;apparition de cette image sur leur \u00e9cran &#8211; une dizaine de chapelet\u00a0 aux intentions des responsables supr\u00eames de la Charte de Fontevrault.<\/em><\/span><\/h3>\n<p><span style=\"color:#ff6600;\">\u00a0 \u00a0 \u00a0 \u00a0 \u00a0 \u00a0 \u00a0 \u00a0 \u00a0 \u00a0 \u00a0 \u00a0 \u00a0 \u00a0 \u00a0 \u00a0 \u00a0&#8212;&#8212;&#8212;<\/span><\/p>\n<h3 style=\"text-align:justify;\"><span style=\"font-size:12pt;\"><span style=\"font-family:verdana, geneva;\"><span style=\"color:#008000;\">Sainte Marie-Madeleine; <strong>Sainte patronne des Pr\u00e9sidents, Gouverneurs et correspondants\u00a0 locaux<\/strong> de la Charte de Fontevrault . <\/span><\/span><\/span><\/h3>\n<h3 style=\"text-align:justify;\"><span style=\"font-size:12pt;\"><span style=\"font-family:verdana, geneva;\"><span style=\"color:#008000;\">Ce parrainage vient en droite ligne des actions du Bienheureux Robert d&#8217;Arbrissel qui avait plac\u00e9\u00a0 sous le patronnage\u00a0 de Marie-Madeleine un des monast\u00e8res- celui abritant les filles repenties &#8211; composant l&#8217;ensemble de l&#8217;Abbaye royale de Fontevraud.<\/span><\/span><\/span><\/h3>\n<h3 style=\"text-align:justify;\"><span style=\"color:#008000;\">Rappelons \u00a0que \u00a0sainte Marie-Madeleine \u00a0est \u00e9galement invoqu\u00e9e \u00a0chaque jour de la neuvaine de pr\u00e9paration spirituelle des rencontres fontevristes du 25 ao\u00fbt<\/span>.<\/h3>\n","protected":false},"excerpt":{"rendered":"<p>NDLRB. Nous prions tous les lecteurs de cette mise en ligne de bien vouloir r\u00e9citer &#8211; \u00e0 l&#8217;apparition de cette image sur leur \u00e9cran &#8211; une dizaine de chapelet\u00a0 aux&#8230; <a href=\"https:\/\/charte-fontevrault-providentialisme.fr\/index.php\/2015\/07\/22\/22-juillet-2015-fete-de-sainte-marie-madeleine-protectrice-des-responsables-supremes-de-la-charte-de-fontevrault\/\">Cliquez pour lire davantage &raquo;<\/a><\/p>\n","protected":false},"author":2,"featured_media":0,"comment_status":"open","ping_status":"open","sticky":false,"template":"","format":"standard","meta":{"footnotes":""},"categories":[12],"tags":[2987,7341,17217,17346,20304,22631,25140],"class_list":["post-8520","post","type-post","status-publish","format-standard","hentry","category-blogs-et-sites-providentialistes","tag-charte-de-fontevrault","tag-fra-angelico","tag-neuvaine-de-preparation-spirituelle","tag-noli-me-tangere","tag-presidents-et-gouverneurs-de-la-charte","tag-robert-darbrissel","tag-sainte-marie-madeleine"],"_links":{"self":[{"href":"https:\/\/charte-fontevrault-providentialisme.fr\/index.php\/wp-json\/wp\/v2\/posts\/8520","targetHints":{"allow":["GET"]}}],"collection":[{"href":"https:\/\/charte-fontevrault-providentialisme.fr\/index.php\/wp-json\/wp\/v2\/posts"}],"about":[{"href":"https:\/\/charte-fontevrault-providentialisme.fr\/index.php\/wp-json\/wp\/v2\/types\/post"}],"author":[{"embeddable":true,"href":"https:\/\/charte-fontevrault-providentialisme.fr\/index.php\/wp-json\/wp\/v2\/users\/2"}],"replies":[{"embeddable":true,"href":"https:\/\/charte-fontevrault-providentialisme.fr\/index.php\/wp-json\/wp\/v2\/comments?post=8520"}],"version-history":[{"count":0,"href":"https:\/\/charte-fontevrault-providentialisme.fr\/index.php\/wp-json\/wp\/v2\/posts\/8520\/revisions"}],"wp:attachment":[{"href":"https:\/\/charte-fontevrault-providentialisme.fr\/index.php\/wp-json\/wp\/v2\/media?parent=8520"}],"wp:term":[{"taxonomy":"category","embeddable":true,"href":"https:\/\/charte-fontevrault-providentialisme.fr\/index.php\/wp-json\/wp\/v2\/categories?post=8520"},{"taxonomy":"post_tag","embeddable":true,"href":"https:\/\/charte-fontevrault-providentialisme.fr\/index.php\/wp-json\/wp\/v2\/tags?post=8520"}],"curies":[{"name":"wp","href":"https:\/\/api.w.org\/{rel}","templated":true}]}}