{"id":12909,"count":0,"description":"","link":"https:\/\/charte-fontevrault-providentialisme.fr\/index.php\/tag\/journee-damitie-et-daction-francaise\/","name":"Journ\u00e9e d'Amiti\u00e9 et d'Action fran\u00e7aise","slug":"journee-damitie-et-daction-francaise","taxonomy":"post_tag","meta":[],"_links":{"self":[{"href":"https:\/\/charte-fontevrault-providentialisme.fr\/index.php\/wp-json\/wp\/v2\/tags\/12909","targetHints":{"allow":["GET"]}}],"collection":[{"href":"https:\/\/charte-fontevrault-providentialisme.fr\/index.php\/wp-json\/wp\/v2\/tags"}],"about":[{"href":"https:\/\/charte-fontevrault-providentialisme.fr\/index.php\/wp-json\/wp\/v2\/taxonomies\/post_tag"}],"wp:post_type":[{"href":"https:\/\/charte-fontevrault-providentialisme.fr\/index.php\/wp-json\/wp\/v2\/posts?tags=12909"}],"curies":[{"name":"wp","href":"https:\/\/api.w.org\/{rel}","templated":true}]}}