{"id":447,"count":0,"description":"","link":"https:\/\/charte-fontevrault-providentialisme.fr\/index.php\/tag\/abbe-jean-christophe-pelegri\/","name":"Abb\u00e9 Jean-Christophe P\u00e9l\u00e9gri","slug":"abbe-jean-christophe-pelegri","taxonomy":"post_tag","meta":[],"_links":{"self":[{"href":"https:\/\/charte-fontevrault-providentialisme.fr\/index.php\/wp-json\/wp\/v2\/tags\/447","targetHints":{"allow":["GET"]}}],"collection":[{"href":"https:\/\/charte-fontevrault-providentialisme.fr\/index.php\/wp-json\/wp\/v2\/tags"}],"about":[{"href":"https:\/\/charte-fontevrault-providentialisme.fr\/index.php\/wp-json\/wp\/v2\/taxonomies\/post_tag"}],"wp:post_type":[{"href":"https:\/\/charte-fontevrault-providentialisme.fr\/index.php\/wp-json\/wp\/v2\/posts?tags=447"}],"curies":[{"name":"wp","href":"https:\/\/api.w.org\/{rel}","templated":true}]}}