{"id":456,"count":0,"description":"","link":"https:\/\/charte-fontevrault-providentialisme.fr\/index.php\/tag\/abbe-jehan-de-durat-f-aumon-gene-de-la-charte-de-f\/","name":"Abb\u00e9 Jehan de Durat \u2013 F ***-Aum\u00f4n. g\u00e9n\u00e9. de la Charte de F.","slug":"abbe-jehan-de-durat-f-aumon-gene-de-la-charte-de-f","taxonomy":"post_tag","meta":[],"_links":{"self":[{"href":"https:\/\/charte-fontevrault-providentialisme.fr\/index.php\/wp-json\/wp\/v2\/tags\/456","targetHints":{"allow":["GET"]}}],"collection":[{"href":"https:\/\/charte-fontevrault-providentialisme.fr\/index.php\/wp-json\/wp\/v2\/tags"}],"about":[{"href":"https:\/\/charte-fontevrault-providentialisme.fr\/index.php\/wp-json\/wp\/v2\/taxonomies\/post_tag"}],"wp:post_type":[{"href":"https:\/\/charte-fontevrault-providentialisme.fr\/index.php\/wp-json\/wp\/v2\/posts?tags=456"}],"curies":[{"name":"wp","href":"https:\/\/api.w.org\/{rel}","templated":true}]}}